{"id":14794,"date":"2023-12-30T19:51:46","date_gmt":"2023-12-30T17:51:46","guid":{"rendered":"https:\/\/abpolar-ee.vserver.zonevs.eu\/uutiset\/bullerjan-ahju-valimine-korduvad-kusimused-vastatud\/"},"modified":"2024-08-07T18:52:58","modified_gmt":"2024-08-07T15:52:58","slug":"kiertoilmakamiinan-valinta-usein-kysytyt-kysymykset","status":"publish","type":"post","link":"https:\/\/abpolar.ee\/fi\/uutiset\/kiertoilmakamiinan-valinta-usein-kysytyt-kysymykset\/","title":{"rendered":"Kiertoilmakamiinan valinta? Usein kysytyt kysymykset"},"content":{"rendered":"\n<p class=\"wp-el wp-block-paragraph\">Bullerjan-tyyppinen kamiina eli kiertoilmakamiina on luotettava l\u00e4mmityslaite, joka kest\u00e4\u00e4 vuosia. Kuitenkin v\u00e4\u00e4rin valittu kamiina ja asennuksessa tehdyt virheet voivat vaikuttaa sek\u00e4 kamiinan k\u00e4ytt\u00f6ik\u00e4\u00e4n ett\u00e4 l\u00e4mmityksen tehokkuuteen.<\/p>\n\n\n\n<p class=\"wp-el wp-block-paragraph\">Suosittelemme konsultoimaan asiantuntijoita aina, kun kysymyksi\u00e4 her\u00e4\u00e4.<\/p>\n\n\n\n<p class=\"wp-el wp-block-paragraph\">He osaavat antaa neuvoja ja kertoa, mihin kiinnitt\u00e4\u00e4 huomiota sopivaa kamiinaa valittaessa ja asennettaessa.<\/p>\n\n\n\n<p class=\"wp-el wp-block-paragraph\">T\u00e4st\u00e4 artikkelista l\u00f6yd\u00e4t vastaukset usein kysyttyihin kysymyksiin.<\/p>\n\n\n\n<p class=\"wp-el wp-block-paragraph\"><\/p>\n\n\n\n<figure class=\"wp-block-image aligncenter size-full is-resized\"><img decoding=\"async\" width=\"1200\" height=\"652\" src=\"https:\/\/abpolar.ee\/wp-content\/uploads\/2023\/12\/bullerjan-ahi-polar-02-abpolarist.jpg\" alt=\"\" class=\"wp-image-12115\" style=\"width:auto;height:600px\" srcset=\"https:\/\/abpolar.ee\/wp-content\/uploads\/2023\/12\/bullerjan-ahi-polar-02-abpolarist.jpg 1200w, https:\/\/abpolar.ee\/wp-content\/uploads\/2023\/12\/bullerjan-ahi-polar-02-abpolarist-290x158.jpg 290w, https:\/\/abpolar.ee\/wp-content\/uploads\/2023\/12\/bullerjan-ahi-polar-02-abpolarist-580x315.jpg 580w, https:\/\/abpolar.ee\/wp-content\/uploads\/2023\/12\/bullerjan-ahi-polar-02-abpolarist-130x71.jpg 130w, https:\/\/abpolar.ee\/wp-content\/uploads\/2023\/12\/bullerjan-ahi-polar-02-abpolarist-64x35.jpg 64w\" sizes=\"(max-width: 1200px) 100vw, 1200px\" \/><\/figure>\n\n\n\n<p class=\"wp-el wp-block-paragraph\"> <\/p>\n\n\n\n<h2 class=\"wp-block-heading wp-el\">Kiertoilmakamiinan asennus &#8211; saako liitt\u00e4\u00e4 l\u00e4mp\u00f6muuriin?<\/h2>\n\n\n\n<p class=\"wp-el wp-block-paragraph\">Kamiinan asennuksessa yleisimm\u00e4t virheet liittyv\u00e4t v\u00e4\u00e4r\u00e4\u00e4n tulipes\u00e4n valintaan tai puutteellisiin ja kiellettyihin savupiippu- tai l\u00e4mp\u00f6muuriliitoksiin. Kamiinan liitt\u00e4minen l\u00e4mp\u00f6muuriin on ehdottomasti kielletty.<\/p>\n\n\n\n<p class=\"wp-el wp-block-paragraph\">Kiertoilmakamiinasta l\u00e4htev\u00e4t pakokaasut ovat matalal\u00e4mp\u00f6isi\u00e4 (jopa 260 astetta), mik\u00e4 aiheuttaa ongelmia my\u00f6s kamiinan vedossa. T\u00e4ll\u00f6in kamiina alkaa savuttaa sis\u00e4\u00e4np\u00e4in, mik\u00e4 tekee kamiinan k\u00e4yt\u00f6st\u00e4 ep\u00e4mukavaa ja vaarallista.<\/p>\n\n\n\n<p class=\"wp-el wp-block-paragraph\">Savupiippuun liitett\u00e4ess\u00e4 t\u00e4llaisia ongelmia ei synny, jos noudatetaan kamiinan k\u00e4ytt\u00f6ohjeessa olevia vaatimuksia.<\/p>\n\n\n\n<p class=\"wp-el wp-block-paragraph\"> <\/p>\n\n\n\n<h2 class=\"wp-block-heading wp-el\">Miksi savupiipun on oltava kamiinan k\u00e4ytt\u00f6ohjeiden mukainen?<\/h2>\n\n\n\n<p class=\"wp-el wp-block-paragraph\">Kiertoilmakamiinan savupiippuun liittyv\u00e4t vaatimukset on aina kerrottu kamiinan k\u00e4ytt\u00f6ohjeessa. Asennuksessa syntyy usein ongelmia silloin, jos savupiipun mitat poikkeavat k\u00e4ytt\u00f6ohjeessa m\u00e4\u00e4ritellyist\u00e4.<\/p>\n\n\n\n<p class=\"wp-el wp-block-paragraph\">K\u00e4ytt\u00f6ohjeessa olevia savupiipun vaatimuksia on noudatettava, sill\u00e4 ne takaavat l\u00e4mmityslaitteen tehokkaan toiminnan ja turvallisuuden.<\/p>\n\n\n\n<p class=\"wp-el wp-block-paragraph\">Yleens\u00e4 kamiina alkaa savuttaa sis\u00e4\u00e4n, jos:<\/p>\n\n\n\n<ul class=\"wp-block-list wp-el\">\n<li>Savupiipun putki on kapeampi kuin k\u00e4ytt\u00f6ohjeessa vaadittu<\/li>\n\n\n\n<li>Savupiipun putki on lyhyempi kuin kamiinan k\u00e4ytt\u00f6ohjeessa vaadittu<\/li>\n\n\n\n<li>Vaakasuora putkiosuus on yli metrin pituinen.<\/li>\n<\/ul>\n\n\n\n<p class=\"wp-el wp-block-paragraph\"><\/p>\n\n\n\n<h2 class=\"wp-block-heading wp-el\">Kuinka paksusta metallista kamiina valmistetaan?<\/h2>\n\n\n\n<p class=\"wp-el wp-block-paragraph\">Valikoimassamme olevat korkealaatuiset kiertoilmakamiinat on valmistettu 4 mm paksusta kattilater\u00e4ksest\u00e4, joka on suunniteltu kest\u00e4m\u00e4\u00e4n pitk\u00e4\u00e4n.<\/p>\n\n\n\n<p class=\"wp-el wp-block-paragraph\">Kiertoilmakamiinan k\u00e4ytt\u00f6ik\u00e4 oikeilla l\u00e4mmitystavoilla on jopa 15 vuotta tai enemm\u00e4n. Riitt\u00e4v\u00e4n paksusta ter\u00e4ksest\u00e4 valmistettu kamiina kest\u00e4\u00e4 pitk\u00e4aikaisen k\u00e4yt\u00f6n.<\/p>\n\n\n\n<p class=\"wp-el wp-block-paragraph\">Kest\u00e4vyys ja pitk\u00e4ik\u00e4isyys ovat syit\u00e4, miksi t\u00e4m\u00e4n tyyppiset kamiinat ovat eritt\u00e4in yleisi\u00e4 l\u00e4mmityslaitteita kylm\u00e4ss\u00e4 ilmastossamme.<\/p>\n\n\n\n<p class=\"wp-el wp-block-paragraph\"> <\/p>\n\n\n\n<h2 class=\"wp-block-heading wp-el\">Mink\u00e4 kokoinen kamiina hankkia?<\/h2>\n\n\n\n<p class=\"wp-el wp-block-paragraph\">Kiertoilmakamiinan valinnassa on oltava tarkka ja otettava huomioon l\u00e4mmitett\u00e4v\u00e4n tilan koko. Suurin virhe, joka valinnassa yleens\u00e4 tehd\u00e4\u00e4n, on l\u00e4mmitett\u00e4v\u00e4n tilan ja kamiinan tehon v\u00e4\u00e4r\u00e4 arviointi.<\/p>\n\n\n\n<p class=\"wp-el wp-block-paragraph\">Kamiinat on merkitty mallinimen lis\u00e4ksi my\u00f6s putkien m\u00e4\u00e4r\u00e4ll\u00e4. Jokaisen tuotteen kohdalla on my\u00f6s ilmoitettu l\u00e4mmitett\u00e4v\u00e4n ilman m\u00e4\u00e4r\u00e4: 100, 150, 200 m\u00b3 ja lista jatkuu aina muutamaan tuhanteen.<\/p>\n\n\n\n<p class=\"wp-el wp-block-paragraph\">N\u00e4m\u00e4 numerot eiv\u00e4t tarkoita l\u00e4mmitett\u00e4v\u00e4n tilan pinta-alaa neli\u00f6metrein\u00e4, vaan l\u00e4mmitett\u00e4v\u00e4n ilman m\u00e4\u00e4r\u00e4\u00e4 kuutiometrein\u00e4.<\/p>\n\n\n\n<p class=\"wp-el wp-block-paragraph\"> <\/p>\n\n\n\n<h2 class=\"wp-block-heading wp-el\">Pid\u00e4 n\u00e4m\u00e4 kriteerit mieless\u00e4si kamiinan valinnassa!<\/h2>\n\n\n\n<p class=\"wp-el wp-block-paragraph\">L\u00e4mmitett\u00e4v\u00e4n tilan m\u00e4\u00e4r\u00e4n voi laskea yksinkertaisella kaavalla:<\/p>\n\n\n\n<p class=\"wp-el wp-block-paragraph\">Kerro tilan pituus x leveys x korkeus. T\u00e4m\u00e4n laskelman tulos antaa sinulle l\u00e4mmitett\u00e4v\u00e4n tilan m\u00e4\u00e4r\u00e4n.<\/p>\n\n\n\n<p class=\"wp-el wp-block-paragraph\">Liian pienell\u00e4 l\u00e4mmitysteholla varustettu kamiina ei l\u00e4mmit\u00e4 tilaa riitt\u00e4v\u00e4sti. T\u00e4m\u00e4n vuoksi kylm\u00e4ll\u00e4 s\u00e4\u00e4ll\u00e4 on my\u00f6s ylikuumenemisen riski, koska haluttua huonel\u00e4mp\u00f6tilaa ei saavuteta. T\u00e4m\u00e4 v\u00e4hent\u00e4\u00e4 merkitt\u00e4v\u00e4sti kamiinan k\u00e4ytt\u00f6ik\u00e4\u00e4 ja lis\u00e4\u00e4 ep\u00e4mukavuutta p\u00e4ivitt\u00e4isess\u00e4 k\u00e4yt\u00f6ss\u00e4.<\/p>\n\n\n\n<p class=\"wp-el wp-block-paragraph\">My\u00f6s verkkosivuillamme olevissa tuotteissa on ilmoitettu l\u00e4mmitett\u00e4v\u00e4n tilan m\u00e4\u00e4r\u00e4.<\/p>\n\n\n\n<p class=\"wp-el wp-block-paragraph\"> <\/p>\n\n\n\n<h2 class=\"wp-block-heading wp-el\">Mik\u00e4 on savupiipun korkeus maasta ja kamiinan oma korkeus?<\/h2>\n\n\n\n<p class=\"wp-el wp-block-paragraph\">On my\u00f6s hy\u00f6dyllist\u00e4 tiet\u00e4\u00e4, ett\u00e4 jokaisessa kamiinamallissa savupiipun korkeus maasta ja kamiinan oma korkeus ovat yleens\u00e4 erilaiset, eik\u00e4 niille ole standardia.<\/p>\n\n\n\n<p class=\"wp-el wp-block-paragraph\">Ennen ostoa varmista kamiinan omat mitat ja savupiipun korkeus, jotta asennus olisi mahdollisimman tarkkaa ja helppoa.<\/p>\n\n\n\n<p class=\"wp-el wp-block-paragraph\"> <\/p>\n\n\n\n<h2 class=\"wp-block-heading wp-el\">Pident\u00e4\u00e4k\u00f6 laadukas asennus kamiinan k\u00e4ytt\u00f6ik\u00e4\u00e4?<\/h2>\n\n\n\n<p class=\"wp-el wp-block-paragraph\">Kamiinan asennus on teht\u00e4v\u00e4 oikein ja kaikkien paloturvallisuusm\u00e4\u00e4r\u00e4ysten mukaan. Lis\u00e4ksi on muistettava, ett\u00e4 kamiinan teho lasketaan sill\u00e4 oletuksella, ett\u00e4 se asennetaan eristettyyn rakennukseen.<\/p>\n\n\n\n<p class=\"wp-el wp-block-paragraph\">Jos haluat l\u00e4mmitt\u00e4\u00e4 erist\u00e4m\u00e4t\u00f6nt\u00e4 tilaa, kuten esimerkiksi autotallia, kannattaa valita ja asentaa tehokkaampi kamiina kuin l\u00e4mmitett\u00e4v\u00e4n tilan tilavuus vaatisi.<\/p>\n\n\n\n<p class=\"wp-el wp-block-paragraph\">Esimerkiksi 100 m3 erist\u00e4m\u00e4tt\u00f6m\u00e4n autotallin l\u00e4mmitt\u00e4miseen kannattaa valita kamiina, joka pystyy l\u00e4mmitt\u00e4m\u00e4\u00e4n jopa 200 m3 tilaa.<\/p>\n\n\n\n<p class=\"wp-el wp-block-paragraph\"> <\/p>\n\n\n\n<h2 class=\"wp-block-heading wp-el\">Miten l\u00e4mmitt\u00e4\u00e4 niin, ett\u00e4 kamiina kest\u00e4\u00e4 pitk\u00e4\u00e4n?<\/h2>\n\n\n\n<p class=\"wp-el wp-block-paragraph\">Kiertoilmakamiinan l\u00e4mmitt\u00e4minen eroaa hieman tavallisen kamiinan l\u00e4mmitt\u00e4misest\u00e4. Kamiina toimii kahden palokammion periaatteella, jossa alemmassa kammiossa tapahtuu hehkuva palaminen ja ylemm\u00e4ss\u00e4 kammiossa j\u00e4lkipoltto.<\/p>\n\n\n\n<p class=\"wp-el wp-block-paragraph\">K\u00e4yt\u00e4 aina kamiinan l\u00e4mmitt\u00e4miseen varmasti kuivaa polttoainetta: olkoon se polttopuita, brikettej\u00e4 tai pelletti\u00e4. Hiukankin kostea materiaali ei saavuta oikeaa l\u00e4mp\u00f6tilaa. T\u00e4m\u00e4 voi aiheuttaa sen, ett\u00e4 kamiina alkaa savuttaa sis\u00e4\u00e4np\u00e4in ja l\u00e4mmityslaite ei saavuta haluttua l\u00e4mp\u00f6tilaa. Pitk\u00e4ll\u00e4 aikav\u00e4lill\u00e4 kostean polttoaineen k\u00e4ytt\u00f6 vaikuttaa my\u00f6s kamiinan k\u00e4ytt\u00f6ik\u00e4\u00e4n negatiivisesti.<\/p>\n\n\n\n<p class=\"wp-el wp-block-paragraph\">V\u00e4lt\u00e4 ehdottomasti kumin ja muovin joutumista tulipes\u00e4\u00e4n kamiinan l\u00e4mmityksess\u00e4.<\/p>\n\n\n\n<p class=\"wp-el wp-block-paragraph\"> <\/p>\n\n\n\n<h2 class=\"wp-block-heading wp-el\">Valitse kiertoilmakamiina huolellisesti, kysy tarvittaessa rohkeasti neuvoa<\/h2>\n\n\n\n<p class=\"wp-el wp-block-paragraph\">L\u00e4mmityslaitteen valinta on aina eritt\u00e4in t\u00e4rke\u00e4 prosessi, jossa ei pid\u00e4 tehd\u00e4 virheit\u00e4, sill\u00e4 paloturvallisuus ja ihmisten terveys voivat joutua vaakalaudalle. L\u00e4mmityslaite on l\u00e4mpim\u00e4n kodin tai rakennuksen syd\u00e4n, jonka on toimittava moitteettomasti ja kestett\u00e4v\u00e4 vuosia.<\/p>\n\n\n\n<p class=\"wp-el wp-block-paragraph\">Suosittelemme aina ottamaan meihin yhteytt\u00e4 kysymysten ilmetess\u00e4 ja etsit\u00e4\u00e4n yhdess\u00e4 ratkaisu, joka takaa l\u00e4mm\u00f6n ja turvallisuuden.<\/p>\n","protected":false},"excerpt":{"rendered":"<p>Bullerjan-tyyppinen kamiina eli kiertoilmakamiina on luotettava l\u00e4mmityslaite, joka kest\u00e4\u00e4 vuosia. Kuitenkin v\u00e4\u00e4rin valittu kamiina ja&#8230;<\/p>\n","protected":false},"author":1,"featured_media":12113,"comment_status":"closed","ping_status":"closed","sticky":false,"template":"","format":"standard","meta":{"_acf_changed":false,"inline_featured_image":false,"footnotes":""},"categories":[136],"tags":[],"class_list":["post-14794","post","type-post","status-publish","format-standard","has-post-thumbnail","hentry","category-uutiset"],"acf":[],"_links":{"self":[{"href":"https:\/\/abpolar.ee\/fi\/wp-json\/wp\/v2\/posts\/14794","targetHints":{"allow":["GET"]}}],"collection":[{"href":"https:\/\/abpolar.ee\/fi\/wp-json\/wp\/v2\/posts"}],"about":[{"href":"https:\/\/abpolar.ee\/fi\/wp-json\/wp\/v2\/types\/post"}],"author":[{"embeddable":true,"href":"https:\/\/abpolar.ee\/fi\/wp-json\/wp\/v2\/users\/1"}],"replies":[{"embeddable":true,"href":"https:\/\/abpolar.ee\/fi\/wp-json\/wp\/v2\/comments?post=14794"}],"version-history":[{"count":2,"href":"https:\/\/abpolar.ee\/fi\/wp-json\/wp\/v2\/posts\/14794\/revisions"}],"predecessor-version":[{"id":14798,"href":"https:\/\/abpolar.ee\/fi\/wp-json\/wp\/v2\/posts\/14794\/revisions\/14798"}],"wp:featuredmedia":[{"embeddable":true,"href":"https:\/\/abpolar.ee\/fi\/wp-json\/wp\/v2\/media\/12113"}],"wp:attachment":[{"href":"https:\/\/abpolar.ee\/fi\/wp-json\/wp\/v2\/media?parent=14794"}],"wp:term":[{"taxonomy":"category","embeddable":true,"href":"https:\/\/abpolar.ee\/fi\/wp-json\/wp\/v2\/categories?post=14794"},{"taxonomy":"post_tag","embeddable":true,"href":"https:\/\/abpolar.ee\/fi\/wp-json\/wp\/v2\/tags?post=14794"}],"curies":[{"name":"wp","href":"https:\/\/api.w.org\/{rel}","templated":true}]}}