{"id":16642,"date":"2025-04-15T17:25:19","date_gmt":"2025-04-15T14:25:19","guid":{"rendered":"https:\/\/abpolar.ee\/?p=16642"},"modified":"2026-05-22T16:04:18","modified_gmt":"2026-05-22T13:04:18","slug":"hyva-kasvihuone-joka-kotiin","status":"publish","type":"post","link":"https:\/\/abpolar.ee\/fi\/uutiset\/hyva-kasvihuone-joka-kotiin\/","title":{"rendered":"Hyv\u00e4 kasvihuone joka kotiin? 9 eri vaihtoehtoa"},"content":{"rendered":"\n<p class=\"wp-el wp-block-paragraph\">Hyv\u00e4 kasvihuone isolle pihalle ja suurperheeseen on varmasti erilainen kuin unelmien kasvihuone pienelle terassille tai pelkk\u00e4\u00e4n taimikasvatukseen.<\/p>\n\n\n\n<p class=\"wp-el wp-block-paragraph\">T\u00e4st\u00e4 artikkelista saat kattavan oppaan kasvihuoneen valintaan. Tutustu eri malleihin ja voit l\u00f6yt\u00e4\u00e4 juuri sinulle sopivan vaihtoehdon!<\/p>\n\n\n\n<h2 class=\"wp-block-heading wp-el\">Hyv\u00e4 kasvihuone kaikenlaisille viherpeukaloille<\/h2>\n\n\n\n<p class=\"wp-el wp-block-paragraph\">Hyv\u00e4 kasvihuone puutarhurille kuin puutarhurille l\u00f6ytyy meilt\u00e4, AB Polar -verkkokaupasta.<\/p>\n\n\n\n<p class=\"wp-el wp-block-paragraph\">Kasvihuoneviljelyn ja puutarhanhoidon tulee mielest\u00e4mme olla mahdollista aivan kaikille, oli tilaa k\u00e4yt\u00f6ss\u00e4 sitten hehtaaritolkulla tai vain alle neli\u00f6metrin verran.<\/p>\n\n\n\n<p class=\"wp-el wp-block-paragraph\">Valikoimamme <a href=\"https:\/\/abpolar.ee\/fi\/kasvihuoneet\/\">kasvihuoneet<\/a> ovat laadukkaita ja helppoja kasata.<\/p>\n\n\n\n<p class=\"wp-el wp-block-paragraph\">Niit\u00e4 l\u00f6ytyy aina 30 neli\u00f6metrin kokoisista, suurista kasvihuoneista pienenpieniin minikasvihuoneisiin asti.<\/p>\n\n\n\n<p class=\"wp-el wp-block-paragraph\">\u201cToimitusaikamme on nopea &#8211; vain kolmesta kymmeneen arkip\u00e4iv\u00e4\u00e4 ja p\u00e4\u00e4set kokoamaan oman kasvihuoneesi!\u201d Karl Auntock, AB Polar -verkkokaupan johtaja kertoo.<\/p>\n\n\n\n<p class=\"wp-el wp-block-paragraph\"><\/p>\n\n\n\n<figure class=\"wp-block-image aligncenter size-full is-resized\"><img decoding=\"async\" width=\"1200\" height=\"800\" src=\"https:\/\/abpolar.ee\/wp-content\/uploads\/2025\/04\/hyva-kasvihuone-abpolarista.jpg\" alt=\"\" class=\"wp-image-16672\" style=\"width:1000px\" srcset=\"https:\/\/abpolar.ee\/wp-content\/uploads\/2025\/04\/hyva-kasvihuone-abpolarista.jpg 1200w, https:\/\/abpolar.ee\/wp-content\/uploads\/2025\/04\/hyva-kasvihuone-abpolarista-290x193.jpg 290w, https:\/\/abpolar.ee\/wp-content\/uploads\/2025\/04\/hyva-kasvihuone-abpolarista-580x387.jpg 580w, https:\/\/abpolar.ee\/wp-content\/uploads\/2025\/04\/hyva-kasvihuone-abpolarista-130x87.jpg 130w, https:\/\/abpolar.ee\/wp-content\/uploads\/2025\/04\/hyva-kasvihuone-abpolarista-64x43.jpg 64w\" sizes=\"(max-width: 1200px) 100vw, 1200px\" \/><\/figure>\n\n\n\n<p class=\"wp-el wp-block-paragraph\"><\/p>\n\n\n\n<h2 class=\"wp-block-heading wp-el\">Paras kasvihuone suureen pihaan<\/h2>\n\n\n\n<p class=\"wp-el wp-block-paragraph\">Paras kasvihuone isoon tilaan ja suurta satoa tavoittelevalle on eritt\u00e4in tilava, 30 m\u00b2 kokoinen <a href=\"https:\/\/abpolar.ee\/fi\/kaarikasvihuone-easy-up-3x10-m-polykarbonaatti-6mm\/\">kaarikasvihuone Easy-Up<\/a>.<\/p>\n\n\n\n<p class=\"wp-el wp-block-paragraph\">Sen runko on galvanoitua ter\u00e4st\u00e4 ja katteet on valmistettu eritt\u00e4in kest\u00e4v\u00e4st\u00e4, kuuden millimetrin paksuisesta polykarbonaatista.<\/p>\n\n\n\n<h3 class=\"wp-block-heading wp-el\">T\u00e4ydelliset olosuhteet kasveille<\/h3>\n\n\n\n<p class=\"wp-el wp-block-paragraph\">Polykarbonaattilevyt on k\u00e4sitelty siten, ett\u00e4 ne kest\u00e4v\u00e4t UV-s\u00e4teilyn vaikutukset ja suojaavat my\u00f6s kasveja liialliselta auringonpaahteelta, mutta p\u00e4\u00e4st\u00e4v\u00e4t kuitenkin riitt\u00e4v\u00e4sti valoa kasvihuoneeseen.<\/p>\n\n\n\n<p class=\"wp-el wp-block-paragraph\">Kasvit saavat raikasta ilmaa kahden kattoluukun ja kahden oven avulla.<\/p>\n\n\n\n<h3 class=\"wp-block-heading wp-el\">Riitt\u00e4v\u00e4sti tilaa<\/h3>\n\n\n\n<p class=\"wp-el wp-block-paragraph\">T\u00e4h\u00e4n kasvihuoneeseen mahtuvat hyvin sek\u00e4 perinteiset suosikkikasvit ett\u00e4 uudet lajikokeilut. Voit kokeilla uusia kasveja vaikka joka vuosi, koska tilaa on riitt\u00e4v\u00e4sti!<\/p>\n\n\n\n<p class=\"wp-el wp-block-paragraph\">Suurempi kasvihuone takaa oman paikan my\u00f6s puutarhatarvikkeille.<\/p>\n\n\n\n<p class=\"wp-el wp-block-paragraph\">Saat tarvikkeet siistiin j\u00e4rjestykseen ja yhteen paikkaan hankkimalla <a href=\"https:\/\/abpolar.ee\/fi\/puutarhatarvikkeiden-kaappi-terassiin\/\">puutarhatarvikkeiden kaapin<\/a>. On helpompaa yll\u00e4pit\u00e4\u00e4 toimivaa j\u00e4rjestyst\u00e4, kun kaikelle on oma paikkansa.<\/p>\n\n\n\n<h3 class=\"wp-block-heading wp-el\">Kest\u00e4v\u00e4 valinta<\/h3>\n\n\n\n<p class=\"wp-el wp-block-paragraph\">Polykarbonaatti on iskunkest\u00e4v\u00e4\u00e4, k\u00e4yt\u00e4nn\u00f6ss\u00e4 rikkoutumatonta materiaalia. \u201cT\u00e4m\u00e4 kasvihuone kest\u00e4\u00e4 vuosikausia, kunhan muistat pudottaa lumet sen p\u00e4\u00e4lt\u00e4 pois talvisin\u201d, Auntock vinkkaa.<\/p>\n\n\n\n<p class=\"wp-el wp-block-paragraph\"><\/p>\n\n\n\n<figure class=\"wp-block-image aligncenter size-full is-resized\"><img decoding=\"async\" width=\"900\" height=\"600\" src=\"https:\/\/abpolar.ee\/wp-content\/uploads\/2025\/04\/30-m2-kokoinen-kaarikasvihuone-easy-up-abpolar.jpg\" alt=\"\" class=\"wp-image-16643\" style=\"width:1000px\" srcset=\"https:\/\/abpolar.ee\/wp-content\/uploads\/2025\/04\/30-m2-kokoinen-kaarikasvihuone-easy-up-abpolar.jpg 900w, https:\/\/abpolar.ee\/wp-content\/uploads\/2025\/04\/30-m2-kokoinen-kaarikasvihuone-easy-up-abpolar-290x193.jpg 290w, https:\/\/abpolar.ee\/wp-content\/uploads\/2025\/04\/30-m2-kokoinen-kaarikasvihuone-easy-up-abpolar-580x387.jpg 580w, https:\/\/abpolar.ee\/wp-content\/uploads\/2025\/04\/30-m2-kokoinen-kaarikasvihuone-easy-up-abpolar-130x87.jpg 130w, https:\/\/abpolar.ee\/wp-content\/uploads\/2025\/04\/30-m2-kokoinen-kaarikasvihuone-easy-up-abpolar-64x43.jpg 64w\" sizes=\"(max-width: 900px) 100vw, 900px\" \/><\/figure>\n\n\n\n<h4 class=\"wp-block-heading wp-el\">Mitat<\/h4>\n\n\n\n<ul class=\"wp-block-list wp-el\">\n<li>Harjakorkeus (m): 2,1<\/li>\n\n\n\n<li>Leveys (m): 3<\/li>\n\n\n\n<li>Pituus (m): 10<\/li>\n\n\n\n<li>Pinta-ala (m\u00b2): 30<\/li>\n<\/ul>\n\n\n\n<p class=\"wp-el wp-block-paragraph\"><\/p>\n\n\n\n<h2 class=\"wp-block-heading wp-el\">Harjakattoinen kasvihuone klassisen mallin yst\u00e4ville<\/h2>\n\n\n\n<p class=\"wp-el wp-block-paragraph\">Pid\u00e4tk\u00f6 perinteisen muotoisista kasvihuoneista? Silloin harjakattoinen kasvihuone voisi sopia sinulle! <a href=\"https:\/\/abpolar.ee\/fi\/kasvihuone-balance-119m2-harmaa\/\">Kasvihuone Balance<\/a> tarjoaa kasvatustilaa 11,9 m\u00b2 verran.<\/p>\n\n\n\n<p class=\"wp-el wp-block-paragraph\">T\u00e4m\u00e4 kasvihuone on paitsi ilo silm\u00e4lle, mutta my\u00f6s kasveillesi.<\/p>\n\n\n\n<h3 class=\"wp-block-heading wp-el\">Sopivasti valoa ja varjoa<\/h3>\n\n\n\n<p class=\"wp-el wp-block-paragraph\">Kasvihuone on valmistettu polykarbonaatista. Katon kennolevyt suojaavat kasveja liialliselta auringonvalolta.<\/p>\n\n\n\n<p class=\"wp-el wp-block-paragraph\">Sein\u00e4levyt ovat kirkkaat, joka varmistaa riitt\u00e4v\u00e4n valoisuuden kasveille. Katteet ovat UV-k\u00e4siteltyj\u00e4, mik\u00e4 varmistaa t\u00e4ydelliset kasvuolosuhteet.<\/p>\n\n\n\n<h3 class=\"wp-block-heading wp-el\">Kottik\u00e4rry mahtuu ovista<\/h3>\n\n\n\n<p class=\"wp-el wp-block-paragraph\">Leve\u00e4t tuplaovet ja matala kynnys pit\u00e4v\u00e4t huolen siit\u00e4, ett\u00e4 ovesta on helppoa kulkea my\u00f6s kottik\u00e4rryjen kanssa.<\/p>\n\n\n\n<p class=\"wp-el wp-block-paragraph\">\u201cEn\u00e4\u00e4 ei tarvitse raahata raskaita multas\u00e4kkej\u00e4 k\u00e4sivoimin!\u201d Auntock lupaa.<\/p>\n\n\n\n<h3 class=\"wp-block-heading wp-el\">Helppo asentaa<\/h3>\n\n\n\n<p class=\"wp-el wp-block-paragraph\">J\u00e4mpti alumiinirunko kiristet\u00e4\u00e4n ruuvien avulla. Paneelit asennetaan paikoilleen helposti liu\u2019uttamalla ja saat my\u00f6s selke\u00e4t asennusohjeet mukaan.<\/p>\n\n\n\n<p class=\"wp-el wp-block-paragraph\">Varmista, ettei kasvihuoneen katolle p\u00e4\u00e4se kertym\u00e4\u00e4n liikaa lunta talvella.<\/p>\n\n\n\n<p class=\"wp-el wp-block-paragraph\"><\/p>\n\n\n\n<figure class=\"wp-block-image aligncenter size-full is-resized\"><img decoding=\"async\" width=\"1200\" height=\"800\" src=\"https:\/\/abpolar.ee\/wp-content\/uploads\/2025\/04\/harjakattoinen-kasvihuone-balance-11-9-m2-harmaa.jpg\" alt=\"\" class=\"wp-image-16647\" style=\"width:1000px\" srcset=\"https:\/\/abpolar.ee\/wp-content\/uploads\/2025\/04\/harjakattoinen-kasvihuone-balance-11-9-m2-harmaa.jpg 1200w, https:\/\/abpolar.ee\/wp-content\/uploads\/2025\/04\/harjakattoinen-kasvihuone-balance-11-9-m2-harmaa-290x193.jpg 290w, https:\/\/abpolar.ee\/wp-content\/uploads\/2025\/04\/harjakattoinen-kasvihuone-balance-11-9-m2-harmaa-580x387.jpg 580w, https:\/\/abpolar.ee\/wp-content\/uploads\/2025\/04\/harjakattoinen-kasvihuone-balance-11-9-m2-harmaa-130x87.jpg 130w, https:\/\/abpolar.ee\/wp-content\/uploads\/2025\/04\/harjakattoinen-kasvihuone-balance-11-9-m2-harmaa-64x43.jpg 64w\" sizes=\"(max-width: 1200px) 100vw, 1200px\" \/><\/figure>\n\n\n\n<p class=\"wp-el wp-block-paragraph\"><\/p>\n\n\n\n<h4 class=\"wp-block-heading wp-el\">Mitat<\/h4>\n\n\n\n<ul class=\"wp-block-list wp-el\">\n<li>Harjakorkeus (cm): 229<\/li>\n\n\n\n<li>R\u00e4yst\u00e4skorkeus (cm): 125,5<\/li>\n\n\n\n<li>Leveys (cm): 244<\/li>\n\n\n\n<li>Pituus (cm): 487<\/li>\n\n\n\n<li>Pinta-ala (m\u00b2): 11,9<\/li>\n<\/ul>\n\n\n\n<p class=\"wp-el wp-block-paragraph\"><\/p>\n\n\n\n<h2 class=\"wp-block-heading wp-el\">Lasikasvihuone on puutarhan kaunein rakennus<\/h2>\n\n\n\n<p class=\"wp-el wp-block-paragraph\">Jos haluat perinteisen ja eritt\u00e4in kauniin kasvihuoneen, lasikasvihuone on valintasi!<\/p>\n\n\n\n<p class=\"wp-el wp-block-paragraph\"><a href=\"https:\/\/abpolar.ee\/fi\/kasvihuone-57m%c2%b2-turvalasit-harmaa\/\">T\u00e4m\u00e4 kasvihuone on pinta-alaltaan 5,2 m\u00b2<\/a>. Se on valmistettu tyylikk\u00e4\u00e4n harmaasta ja kest\u00e4v\u00e4st\u00e4 alumiinista sek\u00e4 karkaistusta turvalasista.<\/p>\n\n\n\n<h3 class=\"wp-block-heading wp-el\">Puutarhajuhlien ykk\u00f6spaikka<\/h3>\n\n\n\n<p class=\"wp-el wp-block-paragraph\">T\u00e4ss\u00e4 puutarhan kaunottaressa on yksi ovi ja kattoikkuna, jotka varmistavat sen n\u00e4pp\u00e4r\u00e4n tuuletuksen.<\/p>\n\n\n\n<p class=\"wp-el wp-block-paragraph\">Kasvihuone toimii viihtyis\u00e4n\u00e4 paikkana my\u00f6s puutarhajuhlille ja kahvihetkille puutarhat\u00f6iden lomassa.<\/p>\n\n\n\n<p class=\"wp-el wp-block-paragraph\">\u201cMuistathan pudottaa lumikuorman my\u00f6s t\u00e4m\u00e4n kasvihuoneen p\u00e4\u00e4lt\u00e4, jotta siit\u00e4 on mahdollisimman pitk\u00e4\u00e4n iloa sinulle ja puutarhallesi\u201d, Auntock muistuttaa.<\/p>\n\n\n\n<p class=\"wp-el wp-block-paragraph\"><\/p>\n\n\n\n<figure class=\"wp-block-image aligncenter size-full is-resized\"><img decoding=\"async\" width=\"1200\" height=\"801\" src=\"https:\/\/abpolar.ee\/wp-content\/uploads\/2025\/04\/lasinen-kasvihuone-5-7-m2-turvalasit-harmaa-abpolar.jpg\" alt=\"\" class=\"wp-image-16651\" style=\"width:1000px\" srcset=\"https:\/\/abpolar.ee\/wp-content\/uploads\/2025\/04\/lasinen-kasvihuone-5-7-m2-turvalasit-harmaa-abpolar.jpg 1200w, https:\/\/abpolar.ee\/wp-content\/uploads\/2025\/04\/lasinen-kasvihuone-5-7-m2-turvalasit-harmaa-abpolar-290x194.jpg 290w, https:\/\/abpolar.ee\/wp-content\/uploads\/2025\/04\/lasinen-kasvihuone-5-7-m2-turvalasit-harmaa-abpolar-580x387.jpg 580w, https:\/\/abpolar.ee\/wp-content\/uploads\/2025\/04\/lasinen-kasvihuone-5-7-m2-turvalasit-harmaa-abpolar-130x87.jpg 130w, https:\/\/abpolar.ee\/wp-content\/uploads\/2025\/04\/lasinen-kasvihuone-5-7-m2-turvalasit-harmaa-abpolar-64x43.jpg 64w\" sizes=\"(max-width: 1200px) 100vw, 1200px\" \/><\/figure>\n\n\n\n<p class=\"wp-el wp-block-paragraph\"><\/p>\n\n\n\n<h4 class=\"wp-block-heading wp-el\">Mitat<\/h4>\n\n\n\n<ul class=\"wp-block-list wp-el\">\n<li>Harjakorkeus (cm): 187<\/li>\n\n\n\n<li>Leveys (cm): 175<\/li>\n\n\n\n<li>Pituus (cm): 296<\/li>\n\n\n\n<li>Pinta-ala (m\u00b2): 5,2<\/li>\n<\/ul>\n\n\n\n<p class=\"wp-el wp-block-paragraph\"><\/p>\n\n\n\n<h2 class=\"wp-block-heading wp-el\">Kasvihuone kuin taideteos?<\/h2>\n\n\n\n<p class=\"wp-el wp-block-paragraph\">Etsitk\u00f6 erilaista, persoonallista kasvihuonetta? Sopisiko pihaasi <a href=\"https:\/\/abpolar.ee\/fi\/kuusikulmainen-kasvihuone\/\">kuusikulmainen kasvihuone<\/a>?<\/p>\n\n\n\n<p class=\"wp-el wp-block-paragraph\">T\u00e4m\u00e4 kasvihuone on kuin hauska huvimaja tai n\u00e4ytt\u00e4v\u00e4 taideteos. Kest\u00e4v\u00e4 alumiinirunko ja j\u00e4m\u00e4k\u00e4t polykarbonaattilevyt suojaavat kasvejasi kauniilla tavalla.<\/p>\n\n\n\n<h3 class=\"wp-block-heading wp-el\">Kokoaminen on helppoa<\/h3>\n\n\n\n<p class=\"wp-el wp-block-paragraph\">\u201cLevyt ovat valmiiksi leikattuja, mik\u00e4 tekee kasaamisesta helppoa\u201d, Auntock vinkkaa.<\/p>\n\n\n\n<p class=\"wp-el wp-block-paragraph\">T\u00e4m\u00e4 malli kannattaa sijoittaa tuulelta suojaisaan paikkaan. Pid\u00e4th\u00e4n katon puhtaana lumesta, jotta se kest\u00e4\u00e4 mahdollisimman pitk\u00e4\u00e4n.<\/p>\n\n\n\n<p class=\"wp-el wp-block-paragraph\"><\/p>\n\n\n\n<p class=\"wp-el wp-block-paragraph\"><\/p>\n\n\n\n<p class=\"wp-el wp-block-paragraph\"><\/p>\n\n\n\n<h4 class=\"wp-block-heading wp-el\">Mitat<\/h4>\n\n\n\n<ul class=\"wp-block-list wp-el\">\n<li>Harjakorkeus (cm): 235<\/li>\n\n\n\n<li>R\u00e4yst\u00e4skorkeus (cm): 180<\/li>\n\n\n\n<li>Leveys (cm): 120<\/li>\n\n\n\n<li>Pituus (cm): 120<\/li>\n\n\n\n<li>Pinta-ala (m\u00b2): 3,7<\/li>\n<\/ul>\n\n\n\n<p class=\"wp-el wp-block-paragraph\"><\/p>\n\n\n\n<h2 class=\"wp-block-heading wp-el\">Kasvihuone sopii my\u00f6s talon viereen tai terassille<\/h2>\n\n\n\n<p class=\"wp-el wp-block-paragraph\">Onko talosi sein\u00e4ll\u00e4 aurinkoinen ja tuulensuojaisa paikka?<\/p>\n\n\n\n<p class=\"wp-el wp-block-paragraph\">Sein\u00e4kasvihuone asennetaan sein\u00e4n viereen, mik\u00e4 helpottaa asentamista ja tekee kasvihuoneesta j\u00e4m\u00e4k\u00e4n. Se my\u00f6s n\u00e4ytt\u00e4\u00e4 mielenkiintoiselta, mik\u00e4li on tottunut perinteisempiin kasvihuoneisiin.<\/p>\n\n\n\n<h3 class=\"wp-block-heading wp-el\">J\u00e4m\u00e4kk\u00e4 runko<\/h3>\n\n\n\n<p class=\"wp-el wp-block-paragraph\"><a href=\"https:\/\/abpolar.ee\/fi\/seina-kasvihuone-hybrid-3-m2\/\">Sein\u00e4kasvihuone Hybrid<\/a> on kompakti malli, siin\u00e4 on kasvatustilaa kolmen neli\u00f6metrin verran.<\/p>\n\n\n\n<p class=\"wp-el wp-block-paragraph\">Kest\u00e4v\u00e4t polykarbonaattilevyt ovat kirkasta muovia seiniss\u00e4 ja suojaavaa kennolevy\u00e4 katossa. \u201cSokkeli on vakaata, galvanoitua ter\u00e4st\u00e4 ja runko lujaa alumiinia\u201d, Auntock kertoo.<\/p>\n\n\n\n<h3 class=\"wp-block-heading wp-el\">Veden ker\u00e4\u00e4minen k\u00e4y n\u00e4pp\u00e4r\u00e4sti<\/h3>\n\n\n\n<p class=\"wp-el wp-block-paragraph\">R\u00e4yst\u00e4skourujen ansiosta on helppoa ker\u00e4t\u00e4 sadevett\u00e4 talteen esimerkiksi kastelua varten. N\u00e4pp\u00e4r\u00e4 kattoluukku pit\u00e4\u00e4 tuuletuksesta huolen.<\/p>\n\n\n\n<p class=\"wp-el wp-block-paragraph\">Kannattaa asentaa kasvihuone siten, ettei lumi putoa katolta sen p\u00e4\u00e4lle. Muista luoda my\u00f6s tavalliseen tapaan satavat lumet pois katon p\u00e4\u00e4lt\u00e4.<\/p>\n\n\n\n<p class=\"wp-el wp-block-paragraph\"><\/p>\n\n\n\n<figure class=\"wp-block-image aligncenter size-full is-resized\"><img decoding=\"async\" width=\"1200\" height=\"801\" src=\"https:\/\/abpolar.ee\/wp-content\/uploads\/2025\/04\/seinakasvihuone-hybrid-tarjoaa-kompaktia-kasvatustilaa-kolmen-neliometrin-verran-abpolar.jpg\" alt=\"\" class=\"wp-image-16655\" style=\"width:1000px\" srcset=\"https:\/\/abpolar.ee\/wp-content\/uploads\/2025\/04\/seinakasvihuone-hybrid-tarjoaa-kompaktia-kasvatustilaa-kolmen-neliometrin-verran-abpolar.jpg 1200w, https:\/\/abpolar.ee\/wp-content\/uploads\/2025\/04\/seinakasvihuone-hybrid-tarjoaa-kompaktia-kasvatustilaa-kolmen-neliometrin-verran-abpolar-290x194.jpg 290w, https:\/\/abpolar.ee\/wp-content\/uploads\/2025\/04\/seinakasvihuone-hybrid-tarjoaa-kompaktia-kasvatustilaa-kolmen-neliometrin-verran-abpolar-580x387.jpg 580w, https:\/\/abpolar.ee\/wp-content\/uploads\/2025\/04\/seinakasvihuone-hybrid-tarjoaa-kompaktia-kasvatustilaa-kolmen-neliometrin-verran-abpolar-130x87.jpg 130w, https:\/\/abpolar.ee\/wp-content\/uploads\/2025\/04\/seinakasvihuone-hybrid-tarjoaa-kompaktia-kasvatustilaa-kolmen-neliometrin-verran-abpolar-64x43.jpg 64w\" sizes=\"(max-width: 1200px) 100vw, 1200px\" \/><\/figure>\n\n\n\n<p class=\"wp-el wp-block-paragraph\"><\/p>\n\n\n\n<h4 class=\"wp-block-heading wp-el\">Mitat<\/h4>\n\n\n\n<ul class=\"wp-block-list wp-el\">\n<li>Harjakorkeus (cm): 225<\/li>\n\n\n\n<li>Leveys (cm): 244<\/li>\n\n\n\n<li>Pituus (cm): 124,5<\/li>\n\n\n\n<li>Pinta-ala (m\u00b2): 3<\/li>\n<\/ul>\n\n\n\n<p class=\"wp-el wp-block-paragraph\"><\/p>\n\n\n\n<h2 class=\"wp-block-heading wp-el\">Pieni kasvihuone kompaktiin tilaan<\/h2>\n\n\n\n<p class=\"wp-el wp-block-paragraph\">Pieni kasvihuone mahdollistaa viljelyn silloin, kun tilaa ei ole rajattomiin k\u00e4ytett\u00e4viss\u00e4.<\/p>\n\n\n\n<p class=\"wp-el wp-block-paragraph\">Jo muutaman neli\u00f6metrin kokoisessa tilassa mahtuu kasvattamaan yll\u00e4tt\u00e4v\u00e4n paljon, etenkin jos ottaa hyllyt avuksi.<\/p>\n\n\n\n<p class=\"wp-el wp-block-paragraph\">Kasvihuone <a href=\"https:\/\/abpolar.ee\/fi\/kasvihuone-hybrid-233m2\/\">HYBRID tarjoaa kasvatustilaa n\u00e4pp\u00e4r\u00e4t 2,3 m<\/a>\u00b2.<\/p>\n\n\n\n<h3 class=\"wp-block-heading wp-el\">HYBRID on lujatekoinen kasvihuone<\/h3>\n\n\n\n<p class=\"wp-el wp-block-paragraph\">Kasvihuoneen runko on tukevaa, ruuvikiristeist\u00e4 alumiinia. Sen katteet ovat lujatekoista, UV-k\u00e4sitelty\u00e4 polykarbonaattia.<\/p>\n\n\n\n<p class=\"wp-el wp-block-paragraph\">\u201cKattoikkuna ja ovi pit\u00e4v\u00e4t huolen siit\u00e4, ett\u00e4 kasvihuoneen ilmankosteus on aina sopiva\u201d, Auntock kertoo.<\/p>\n\n\n\n<h3 class=\"wp-block-heading wp-el\">Matala kynnys &#8211; helppoa liikkumista<\/h3>\n\n\n\n<p class=\"wp-el wp-block-paragraph\">HYBRID-kasvihuoneen matala kynnys helpottaa liikkumista. My\u00f6s t\u00e4m\u00e4 malli on k\u00e4yt\u00e4nn\u00f6ss\u00e4 huoltovapaa, kunhan muistaa pudottaa sen p\u00e4\u00e4lt\u00e4 liian lumikuorman pois.<br>Katteet asennetaan helposti liu\u2019uttamalla. Selke\u00e4t asennusohjeet helpottavat kokoamista entisest\u00e4\u00e4n.<\/p>\n\n\n\n<p class=\"wp-el wp-block-paragraph\"><\/p>\n\n\n\n<figure class=\"wp-block-image aligncenter size-full is-resized\"><img decoding=\"async\" width=\"1200\" height=\"801\" src=\"https:\/\/abpolar.ee\/wp-content\/uploads\/2025\/04\/pieni-kasvihuone-hybrid-abpolar.jpg\" alt=\"\" class=\"wp-image-16659\" style=\"width:1000px\" srcset=\"https:\/\/abpolar.ee\/wp-content\/uploads\/2025\/04\/pieni-kasvihuone-hybrid-abpolar.jpg 1200w, https:\/\/abpolar.ee\/wp-content\/uploads\/2025\/04\/pieni-kasvihuone-hybrid-abpolar-290x194.jpg 290w, https:\/\/abpolar.ee\/wp-content\/uploads\/2025\/04\/pieni-kasvihuone-hybrid-abpolar-580x387.jpg 580w, https:\/\/abpolar.ee\/wp-content\/uploads\/2025\/04\/pieni-kasvihuone-hybrid-abpolar-130x87.jpg 130w, https:\/\/abpolar.ee\/wp-content\/uploads\/2025\/04\/pieni-kasvihuone-hybrid-abpolar-64x43.jpg 64w\" sizes=\"(max-width: 1200px) 100vw, 1200px\" \/><\/figure>\n\n\n\n<p class=\"wp-el wp-block-paragraph\"><\/p>\n\n\n\n<h4 class=\"wp-block-heading wp-el\">Mitat<\/h4>\n\n\n\n<ul class=\"wp-block-list wp-el\">\n<li>Harjakorkeus (cm): 208<\/li>\n\n\n\n<li>R\u00e4yst\u00e4skorkeus (cm): 124<\/li>\n\n\n\n<li>Leveys (cm): 185<\/li>\n\n\n\n<li>Pituus (cm): 125<\/li>\n\n\n\n<li>Pinta-ala (m\u00b2): 2,3<\/li>\n<\/ul>\n\n\n\n<p class=\"wp-el wp-block-paragraph\"><\/p>\n\n\n\n<h2 class=\"wp-block-heading wp-el\">Minikasvihuoneet mahdollistavat viljelyn my\u00f6s parvekkeella<\/h2>\n\n\n\n<p class=\"wp-el wp-block-paragraph\">Minikasvihuone antaa mahdollisuuden puutarhat\u00f6ihin my\u00f6s pieness\u00e4 tilassa.<\/p>\n\n\n\n<p class=\"wp-el wp-block-paragraph\">Puutarhaunelmat on mahdollista toteuttaa, vaikka tilaa ei oikeasti olisi kuin alle neli\u00f6metrin verran!<\/p>\n\n\n\n<p class=\"wp-el wp-block-paragraph\">\u201cMinikasvihuoneet sopivat hyvin my\u00f6s taimikasvatukseen\u201d, Auntock vinkkaa.<\/p>\n\n\n\n<h3 class=\"wp-block-heading wp-el\">Pieni tilaihme<\/h3>\n\n\n\n<p class=\"wp-el wp-block-paragraph\">T\u00e4m\u00e4 <a href=\"https:\/\/abpolar.ee\/fi\/minikasvihuone-nelja-hyllya\/\">kasvihuone tarjoaa nelj\u00e4n hyllyn<\/a> ja 0,3 m\u00b2 verran tilaa kasvattaa.<\/p>\n\n\n\n<p class=\"wp-el wp-block-paragraph\"><a href=\"https:\/\/www.sotkamolehti.fi\/artikkeli\/hyva-kasvihuone-viela-loytamatta-7-vinkki\" target=\"_blank\" rel=\"noreferrer noopener\">Kasvihuone sopii hyvin<\/a> esimerkiksi parvekkeelle tai terassille. Se kannattaa sijoittaa tuulelta suojattuun paikkaan.<\/p>\n\n\n\n<h3 class=\"wp-block-heading wp-el\">Vihre\u00e4\u00e4 viherpeukaloille<\/h3>\n\n\n\n<p class=\"wp-el wp-block-paragraph\">Kasvihuoneen runko on ter\u00e4st\u00e4 ja l\u00e4pikuultava PVC-muovi p\u00e4\u00e4st\u00e4\u00e4 valon hyvin l\u00e4pi viljelmille. Vihre\u00e4 v\u00e4ri kannustaa viherpeukaloita!<\/p>\n\n\n\n<p class=\"wp-el wp-block-paragraph\"><\/p>\n\n\n\n<p class=\"wp-el wp-block-paragraph\"><\/p>\n\n\n\n<figure class=\"wp-block-image aligncenter size-full is-resized\"><img decoding=\"async\" width=\"1200\" height=\"800\" src=\"https:\/\/abpolar.ee\/wp-content\/uploads\/2025\/04\/minikasvihuone-nelja-hyllya-abpolar.jpg\" alt=\"\" class=\"wp-image-16663\" style=\"width:1000px\" srcset=\"https:\/\/abpolar.ee\/wp-content\/uploads\/2025\/04\/minikasvihuone-nelja-hyllya-abpolar.jpg 1200w, https:\/\/abpolar.ee\/wp-content\/uploads\/2025\/04\/minikasvihuone-nelja-hyllya-abpolar-290x193.jpg 290w, https:\/\/abpolar.ee\/wp-content\/uploads\/2025\/04\/minikasvihuone-nelja-hyllya-abpolar-580x387.jpg 580w, https:\/\/abpolar.ee\/wp-content\/uploads\/2025\/04\/minikasvihuone-nelja-hyllya-abpolar-130x87.jpg 130w, https:\/\/abpolar.ee\/wp-content\/uploads\/2025\/04\/minikasvihuone-nelja-hyllya-abpolar-64x43.jpg 64w\" sizes=\"(max-width: 1200px) 100vw, 1200px\" \/><\/figure>\n\n\n\n<p class=\"wp-el wp-block-paragraph\"><\/p>\n\n\n\n<h4 class=\"wp-block-heading wp-el\">Minikasvihuoneen mitat<\/h4>\n\n\n\n<ul class=\"wp-block-list wp-el\">\n<li>Harjakorkeus (cm): 155<\/li>\n\n\n\n<li>Leveys (cm): 69<\/li>\n\n\n\n<li>Syvyys (cm): 49<\/li>\n\n\n\n<li>Pinta-ala (m\u00b2): 0,3<\/li>\n<\/ul>\n\n\n\n<p class=\"wp-el wp-block-paragraph\"><\/p>\n\n\n\n<h3 class=\"wp-block-heading wp-el\">Tilaa leveyssuunnassa<\/h3>\n\n\n\n<p class=\"wp-el wp-block-paragraph\">T\u00e4m\u00e4 minikasvihuone tarjoaa taas enemm\u00e4n tilaa leveyssuunnassa.<\/p>\n\n\n\n<p class=\"wp-el wp-block-paragraph\">Se soveltuu hyvin matalille kasveille. Minikasvihuone on valmistettu kevyist\u00e4, mutta kest\u00e4vist\u00e4 UV-suojatuista polykarbonaattikennolevyist\u00e4.<\/p>\n\n\n\n<h3 class=\"wp-block-heading wp-el\">Paras paikka taimille<\/h3>\n\n\n\n<p class=\"wp-el wp-block-paragraph\">Kannen saa tuettua pysym\u00e4\u00e4n auki. T\u00e4m\u00e4 pienoiskasvihuone on erinomainen valinta esimerkiksi taimikasvatukseen.<\/p>\n\n\n\n<p class=\"wp-el wp-block-paragraph\"><\/p>\n\n\n\n<figure class=\"wp-block-image aligncenter size-full is-resized\"><img decoding=\"async\" width=\"1200\" height=\"799\" src=\"https:\/\/abpolar.ee\/wp-content\/uploads\/2025\/04\/minikasvihuone-100x60x40-30cm-kennolevy-abpolar.jpg\" alt=\"\" class=\"wp-image-16667\" style=\"width:1000px\" srcset=\"https:\/\/abpolar.ee\/wp-content\/uploads\/2025\/04\/minikasvihuone-100x60x40-30cm-kennolevy-abpolar.jpg 1200w, https:\/\/abpolar.ee\/wp-content\/uploads\/2025\/04\/minikasvihuone-100x60x40-30cm-kennolevy-abpolar-290x193.jpg 290w, https:\/\/abpolar.ee\/wp-content\/uploads\/2025\/04\/minikasvihuone-100x60x40-30cm-kennolevy-abpolar-580x386.jpg 580w, https:\/\/abpolar.ee\/wp-content\/uploads\/2025\/04\/minikasvihuone-100x60x40-30cm-kennolevy-abpolar-130x87.jpg 130w, https:\/\/abpolar.ee\/wp-content\/uploads\/2025\/04\/minikasvihuone-100x60x40-30cm-kennolevy-abpolar-64x43.jpg 64w\" sizes=\"(max-width: 1200px) 100vw, 1200px\" \/><\/figure>\n\n\n\n<p class=\"wp-el wp-block-paragraph\"><\/p>\n\n\n\n<h4 class=\"wp-block-heading wp-el\">Minikasvihuoneen mitat<\/h4>\n\n\n\n<ul class=\"wp-block-list wp-el\">\n<li>Harjakorkeus (cm): 40<\/li>\n\n\n\n<li>R\u00e4yst\u00e4skorkeus (cm): 30<\/li>\n\n\n\n<li>Leveys (cm): 100<\/li>\n\n\n\n<li>Syvyys (cm): 60<\/li>\n<\/ul>\n\n\n\n<p class=\"wp-el wp-block-paragraph\"><\/p>\n\n\n\n<h2 class=\"wp-block-heading wp-el\">Kasvihuoneen lis\u00e4tarvikkeet auttavat onnistumaan<\/h2>\n\n\n\n<p class=\"wp-el wp-block-paragraph\">Kasvihuoneviljelyst\u00e4 tulee taidetta oikeanlaisilla v\u00e4lineill\u00e4. Tai v\u00e4hint\u00e4\u00e4nkin huomattavasti helpompaa.<\/p>\n\n\n\n<p class=\"wp-el wp-block-paragraph\">Kasvihuoneen tuulettaminen voi helposti unohtua kuumina kes\u00e4p\u00e4ivin\u00e4.<\/p>\n\n\n\n<p class=\"wp-el wp-block-paragraph\">\u201cKun hankkii automaattisen kattoluukun avaajan, ei tuuletuksesta tarvitse en\u00e4\u00e4 huolehtia!\u201d Auntock vinkkaa.<\/p>\n\n\n\n<h3 class=\"wp-block-heading wp-el\">Automatiikka tuuletuksen avuksi<\/h3>\n\n\n\n<p class=\"wp-el wp-block-paragraph\"><a href=\"https:\/\/abpolar.ee\/fi\/automaattiavaaja-kasvihuoneen-luukun-avaaja\/\">Automaattiavaaja<\/a> aukaisee kasvihuoneen luukun automaattisesti 18-25 \u00b0C l\u00e4mp\u00f6tilassa.<\/p>\n\n\n\n<p class=\"wp-el wp-block-paragraph\">Se sopii asennettavaksi kaikenlaisiin kasvihuoneisiin. Avaajan nostovoima on seitsem\u00e4n kiloa.<\/p>\n\n\n\n<p class=\"wp-el wp-block-paragraph\">Sen mitat ovat 32 x 4,5 x 5 cm.<\/p>\n\n\n\n<h3 class=\"wp-block-heading wp-el\">Hyllyt tuovat lis\u00e4tilaa<\/h3>\n\n\n\n<p class=\"wp-el wp-block-paragraph\"><a href=\"https:\/\/abpolar.ee\/fi\/kasvihuoneen-hylly-palram\/\">Kasvihuoneen hylly PALRAM<\/a> tuo lis\u00e4tilaa sek\u00e4 kasveille ett\u00e4 ty\u00f6kaluille. Hylly on valmistettu tukevasta polypropeenimuovista.<\/p>\n\n\n\n<p class=\"wp-el wp-block-paragraph\">Sen kantavuus on 20 kg, mutta laittamalla useampia hyllyj\u00e4 vierekk\u00e4in pystyy niiden p\u00e4\u00e4ll\u00e4 s\u00e4ilytt\u00e4m\u00e4\u00e4n painavampiakin asioita, kuten multas\u00e4kkej\u00e4.<\/p>\n\n\n\n<p class=\"wp-el wp-block-paragraph\">Hyllyn mitat ovat 65 x 26 x 16,5 cm.<\/p>\n\n\n\n<h3 class=\"wp-block-heading wp-el\">Kastelun automatisointi kasvihuoneessa<\/h3>\n\n\n\n<p class=\"wp-el wp-block-paragraph\"><a href=\"https:\/\/abpolar.ee\/fi\/automaattinen-kastelujarjestelma-kasvihuoneeseen\/\">Automaattinen kasteluj\u00e4rjestelm\u00e4<\/a> auttaa pit\u00e4m\u00e4\u00e4n kasvien kastelusta huolta aina oikeaan aikaan.<\/p>\n\n\n\n<p class=\"wp-el wp-block-paragraph\">Kasteluj\u00e4rjestelm\u00e4 soveltuu jopa 10 m\u00b2 kokoisiin kasvihuoneisiin.<\/p>\n\n\n\n<p class=\"wp-el wp-block-paragraph\">Ajastin pit\u00e4\u00e4 huolen siit\u00e4, ett\u00e4 kastelu tapahtuu juuri silloin kun haluat.<\/p>\n\n\n\n<p class=\"wp-el wp-block-paragraph\">Kasteluj\u00e4rjestelm\u00e4 on helppo asentaa ja se yhdistet\u00e4\u00e4n suoraan vesij\u00e4rjestelm\u00e4\u00e4n.<\/p>\n\n\n\n<h3 class=\"wp-block-heading wp-el\">Tarve laajentaa?<\/h3>\n\n\n\n<p class=\"wp-el wp-block-paragraph\">Kasvihuoneiden lis\u00e4osat laajentavat kasvihuonetta, jos kasvutila loppuu kesken.<\/p>\n\n\n\n<p class=\"wp-el wp-block-paragraph\"><a href=\"https:\/\/abpolar.ee\/fi\/kasvihuone-classic-25x4m-polykarbonaatti-4-mm\/\">Classic-kasvihuoneen<\/a> seini\u00e4 ja pohjaa pystyy jatkamaan k\u00e4tev\u00e4sti <a href=\"https:\/\/abpolar.ee\/fi\/kasvihuoneiden-lisatarvikkeet\/\">lis\u00e4osien<\/a> avulla, jos aiemmin hankittu kasvihuone j\u00e4\u00e4 liian pieneksi tai kasvutilan tarve vaihtelee vuosittain.<\/p>\n\n\n\n<h2 class=\"wp-block-heading wp-el\">Puutarhakalusteet kasvihuoneeseen ja pihaan<\/h2>\n\n\n\n<p class=\"wp-el wp-block-paragraph\">Puutarha ei olisi t\u00e4ydellinen, ellei siell\u00e4 olisi paikkaa my\u00f6s rentoutumiseen.<\/p>\n\n\n\n<p class=\"wp-el wp-block-paragraph\">Mik\u00e4li sinulla on tilaa suurelle kasvihuoneelle, kannattaa yksi osa kasvihuoneesta pyhitt\u00e4\u00e4 my\u00f6s rentoutumiseen. Kahvi ja virvokkeet maistuvat paremmin, kun niist\u00e4 nauttii omassa kasvihuoneessa!<\/p>\n\n\n\n<p class=\"wp-el wp-block-paragraph\"><a href=\"https:\/\/abpolar.ee\/fi\/puutarhakalusteet\/\">Puutarhakalusteet<\/a> sopivat tietenkin my\u00f6s pihaan ja terassille.<\/p>\n\n\n\n<p class=\"wp-el wp-block-paragraph\"><a href=\"https:\/\/abpolar.ee\/fi\/oleskeluryhma-palma-2-istuttava-sohva-2-nojatuolia-poyta-musta\/\">Oleskeluryhm\u00e4 Palma<\/a> on nelj\u00e4n istuttava kokonaisuus. Siin\u00e4 on kaksi mukavaa nojatuolia ja yksi kahden istuttava sohva.<\/p>\n\n\n\n<p class=\"wp-el wp-block-paragraph\">Kalusteiden laadukas ter\u00e4srunko on p\u00e4\u00e4llystetty kest\u00e4v\u00e4ll\u00e4 polyrottingilla. Mukavat istuintyynyt viimeistelev\u00e4t kokonaisuuden. Sohvap\u00f6yd\u00e4n p\u00f6yt\u00e4levy on karkaistua lasia.<\/p>\n\n\n\n<p class=\"wp-el wp-block-paragraph\"><a href=\"https:\/\/abpolar.ee\/fi\/oleskeluryhma-napoli-5-istuttava-kulmasohva-sohvapoyta-harmaa\/\">Oleskeluryhm\u00e4 Napoli<\/a> mahtuu suuren kasvihuoneen nurkkaan tai terassille. Viiden istuttava tyylik\u00e4s kulmasohva ja sohvap\u00f6yt\u00e4 tuovat mukavuutta pihaan ja puutarhaan.<\/p>\n\n\n\n<p class=\"wp-el wp-block-paragraph\">S\u00e4ilyt\u00e4 puutarhakalusteiden pehmusteet esimerkiksi laatikossa silloin kun et k\u00e4yt\u00e4 niit\u00e4, niin ne pysyv\u00e4t pitk\u00e4\u00e4n hyv\u00e4ss\u00e4 kunnossa.<\/p>\n\n\n\n<h2 class=\"wp-block-heading wp-el\">Kasvihuoneet joka l\u00e4ht\u00f6\u00f6n<\/h2>\n\n\n\n<p class=\"wp-el wp-block-paragraph\">Onko aika k\u00e4yd\u00e4 tuumasta toimeen ja hankkia juuri omiin tarpeisiin sopiva kasvihuone?<\/p>\n\n\n\n<p class=\"wp-el wp-block-paragraph\">Mik\u00e4\u00e4n ei voita itse kasvatettujen tomaattien ja kurkkujen makua. \u201cLis\u00e4ksi itse kasvattamalla saa tiet\u00e4\u00e4 viljelmien kasvuolosuhteet 100 % tarkasti\u201d, Auntock vinkkaa.<\/p>\n\n\n\n<p class=\"wp-el wp-block-paragraph\"><a href=\"https:\/\/abpolar.ee\/fi\/kasvihuoneet\/\">AB Polarin kasvihuoneet<\/a> soveltuvat jokaiselle puutarhurille ja jokaiseen pihaan, terassille tai parvekkeelle.<\/p>\n\n\n\n<p class=\"wp-el wp-block-paragraph\">Samalla kannattaa tutkia, mit\u00e4 muuta hy\u00f6dyllist\u00e4 pihaan, puutarhaan ja kotiin verkkokaupasta l\u00f6ytyy.<\/p>\n\n\n\n<p class=\"wp-el wp-block-paragraph\">Kest\u00e4v\u00e4 laatu ja kilpailukykyinen hinta yhdistyv\u00e4t monessa tuotteessamme.<\/p>\n\n\n\n<p class=\"wp-el wp-block-paragraph\">Tutustu valikoimaan ja tilaa omasi!<\/p>\n\n\n\n<h2 class=\"wp-block-heading wp-el\">UKK:t<\/h2>\n\n\n\n<h3 class=\"wp-block-heading wp-el\">Pit\u00e4\u00e4k\u00f6 kasvihuoneen multa vaihtaa joka vuosi?<\/h3>\n\n\n\n<p class=\"wp-el wp-block-paragraph\">Kasvihuoneen multaa ei tarvitse vaihtaa joka vuosi, jos kasvihuoneessa on maapohja. Joka toinen vuosi riitt\u00e4\u00e4 mullan vaihtoon, mutta v\u00e4livuosinakin maapohjaa kannattaa lannoittaa.<\/p>\n\n\n\n<h3 class=\"wp-block-heading wp-el\">Mik\u00e4 on paras paikka kasvihuoneelle?<\/h3>\n\n\n\n<p class=\"wp-el wp-block-paragraph\">Paras paikka kasvihuoneelle on valoisa, tuuleton paikka. Kasvihuone kannattaa sijoittaa mahdollisuuksien mukaan niin, ett\u00e4 se on suojassa keskip\u00e4iv\u00e4n ja iltap\u00e4iv\u00e4n kovimmalta kuumuudelta.<\/p>\n\n\n\n<p class=\"wp-el wp-block-paragraph\">Sijoita kasvihuoneen p\u00e4\u00e4dyt pohjois-etel\u00e4 -suuntaisesti, niin kasvit saavat p\u00e4iv\u00e4n mittaan tasaisesti valoa kasvihuoneen molemmilta puolilta. Vesipisteen tulisi olla l\u00e4hell\u00e4, jotta vett\u00e4 ei tarvitse raahata kasveille pitk\u00e4n matkan takaa.<\/p>\n\n\n\n<h3 class=\"wp-block-heading wp-el\">Mit\u00e4 kasvihuoneessa kannattaa kasvattaa?<\/h3>\n\n\n\n<p class=\"wp-el wp-block-paragraph\">Kasvihuoneessa kannattaa kasvattaa kasveja, jotka tarvitsevat l\u00e4mp\u00f6\u00e4 enemm\u00e4n kuin sit\u00e4 on ulkona tarjolla Suomen olosuhteissa. Kasvihuoneeseen sopivia kasveja ovat esimerkiksi kestosuosikit tomaatti, kurkku ja basilika. My\u00f6s munakoiso, chilit, paprika, salaatit ja mansikka viihtyv\u00e4t kasvihuoneen l\u00e4mm\u00f6ss\u00e4.<\/p>\n\n\n\n<h3 class=\"wp-block-heading wp-el\">Tarvitseeko kasvihuone rakennuslupaa?<\/h3>\n\n\n\n<p class=\"wp-el wp-block-paragraph\">Kasvihuone ei tarvitse rakennuslupaa, jos sen koko j\u00e4\u00e4 alle 30 m\u00b2. Muista silti huomioida tontin rakentamisoikeus, kunnan rakentamisj\u00e4rjestys ja mahdolliset kaavam\u00e4\u00e4r\u00e4ykset.<\/p>\n\n\n\n<h3 class=\"wp-block-heading wp-el\">Pit\u00e4\u00e4k\u00f6 kasvihuoneen olla tiivis?<\/h3>\n\n\n\n<p class=\"wp-el wp-block-paragraph\">Kasvihuoneen ei pid\u00e4 olla t\u00e4ysin tiivis, koska pienet raot auttavat ilmanvaihdossa. Jos kasvihuone on liian tiivis, voivat kasvit kuluttaa hiilidioksidia nopeammin kuin sit\u00e4 p\u00e4\u00e4see kasvihuoneeseen.<\/p>\n\n\n\n<p class=\"wp-el wp-block-paragraph\">Kasveilla tulee olla tarpeeksi hiilidioksidia yhteytt\u00e4mist\u00e4 varten. Lis\u00e4ksi liiallinen tiiveys voi pahimmillaan saada homeen kasvamaan kosteassa tilassa.<\/p>\n\n\n\n<p class=\"wp-el wp-block-paragraph\"><\/p>\n","protected":false},"excerpt":{"rendered":"<p>Hyv\u00e4 kasvihuone isolle pihalle ja suurperheeseen on varmasti erilainen kuin unelmien kasvihuone pienelle terassille tai&#8230;<\/p>\n","protected":false},"author":2,"featured_media":16672,"comment_status":"closed","ping_status":"closed","sticky":false,"template":"","format":"standard","meta":{"_acf_changed":false,"inline_featured_image":false,"footnotes":""},"categories":[136],"tags":[],"class_list":["post-16642","post","type-post","status-publish","format-standard","has-post-thumbnail","hentry","category-uutiset"],"acf":[],"_links":{"self":[{"href":"https:\/\/abpolar.ee\/fi\/wp-json\/wp\/v2\/posts\/16642","targetHints":{"allow":["GET"]}}],"collection":[{"href":"https:\/\/abpolar.ee\/fi\/wp-json\/wp\/v2\/posts"}],"about":[{"href":"https:\/\/abpolar.ee\/fi\/wp-json\/wp\/v2\/types\/post"}],"author":[{"embeddable":true,"href":"https:\/\/abpolar.ee\/fi\/wp-json\/wp\/v2\/users\/2"}],"replies":[{"embeddable":true,"href":"https:\/\/abpolar.ee\/fi\/wp-json\/wp\/v2\/comments?post=16642"}],"version-history":[{"count":6,"href":"https:\/\/abpolar.ee\/fi\/wp-json\/wp\/v2\/posts\/16642\/revisions"}],"predecessor-version":[{"id":19743,"href":"https:\/\/abpolar.ee\/fi\/wp-json\/wp\/v2\/posts\/16642\/revisions\/19743"}],"wp:featuredmedia":[{"embeddable":true,"href":"https:\/\/abpolar.ee\/fi\/wp-json\/wp\/v2\/media\/16672"}],"wp:attachment":[{"href":"https:\/\/abpolar.ee\/fi\/wp-json\/wp\/v2\/media?parent=16642"}],"wp:term":[{"taxonomy":"category","embeddable":true,"href":"https:\/\/abpolar.ee\/fi\/wp-json\/wp\/v2\/categories?post=16642"},{"taxonomy":"post_tag","embeddable":true,"href":"https:\/\/abpolar.ee\/fi\/wp-json\/wp\/v2\/tags?post=16642"}],"curies":[{"name":"wp","href":"https:\/\/api.w.org\/{rel}","templated":true}]}}