{"id":8853,"date":"2023-06-04T16:10:56","date_gmt":"2023-06-04T13:10:56","guid":{"rendered":"https:\/\/abpolar-ee.vserver.zonevs.eu\/?p=8853"},"modified":"2026-04-05T17:30:29","modified_gmt":"2026-04-05T14:30:29","slug":"kasvihuone-ab-polarista","status":"publish","type":"post","link":"https:\/\/abpolar.ee\/fi\/uutiset\/kasvihuone-ab-polarista\/","title":{"rendered":"Tutustu 8 erilaiseen kasvihuoneeseen ja l\u00f6yd\u00e4 suosikkisi!"},"content":{"rendered":"\n<p class=\"wp-el\">Kukaan puutarhanhoidon harrastaja ei luultavasti ep\u00e4ile siit\u00e4, ett\u00e4 h\u00e4nen omassa puutarhassaan kasvavat herkullisimmat tomaatit ja kurkut! Jotta puutarhakasvit alkaisivat meid\u00e4n ilmastossamme kasvaa riitt\u00e4v\u00e4n aikaisin, pit\u00e4\u00e4 niille luoda sopivat olosuhteet.<\/p>\n\n\n\n<p class=\"wp-el\">Kun aurinko on matalalla ja y\u00f6pakkaset ovat viel\u00e4 vaarana, laadukas <a href=\"https:\/\/abpolar.ee\/fi\/kasvihuoneet\/\">kasvihuone<\/a> auttaa kasveja it\u00e4m\u00e4\u00e4n.<\/p>\n\n\n\n<p class=\"wp-el\">Kasvihuoneita on saatavilla useita, sek\u00e4 erikokoisina ett\u00e4 eri k\u00e4ytt\u00f6tarkoituksiin. Jotkut isommat niist\u00e4 k\u00e4sitt\u00e4v\u00e4t puutarhassa useita neli\u00f6it\u00e4, pienemm\u00e4t mahtuvat parvekkeelle, kiinnittyv\u00e4t talon sein\u00e4\u00e4n tai l\u00f6yt\u00e4v\u00e4t paikan terassin nurkasta.<\/p>\n\n\n\n<p class=\"wp-el\"><strong>AB Polarin puutarhakaupan ammattilainen, johtaja Karl Auntock kuvailee kahdeksaa erilaista ja k\u00e4yt\u00e4nn\u00f6llist\u00e4 kasvihuonetta.<\/strong><\/p>\n\n\n\n<p class=\"wp-el\"><\/p>\n\n\n\n<figure class=\"wp-block-image aligncenter size-full is-resized\"><img decoding=\"async\" width=\"1200\" height=\"960\" src=\"https:\/\/abpolar.ee\/wp-content\/uploads\/2023\/06\/kasvuhoone-valimine-ja-tellimine-1.jpg\" alt=\"\" class=\"wp-image-8712\" style=\"width:1000px\" srcset=\"https:\/\/abpolar.ee\/wp-content\/uploads\/2023\/06\/kasvuhoone-valimine-ja-tellimine-1.jpg 1200w, https:\/\/abpolar.ee\/wp-content\/uploads\/2023\/06\/kasvuhoone-valimine-ja-tellimine-1-290x232.jpg 290w, https:\/\/abpolar.ee\/wp-content\/uploads\/2023\/06\/kasvuhoone-valimine-ja-tellimine-1-580x464.jpg 580w, https:\/\/abpolar.ee\/wp-content\/uploads\/2023\/06\/kasvuhoone-valimine-ja-tellimine-1-130x104.jpg 130w, https:\/\/abpolar.ee\/wp-content\/uploads\/2023\/06\/kasvuhoone-valimine-ja-tellimine-1-64x51.jpg 64w\" sizes=\"(max-width: 1200px) 100vw, 1200px\" \/><\/figure>\n\n\n\n<p class=\"wp-el\"><\/p>\n\n\n\n<h2 class=\"wp-block-heading wp-el\">Isoon kasvihuoneeseen mahtuu kaikki tarvittava<\/h2>\n\n\n\n<p class=\"wp-el\">Kasvihuoneiden k\u00e4ytt\u00f6tarkoitus voi olla hyvin laaja &#8211; tomaattien ja kurkkujen viljelyn lis\u00e4ksi se sopii my\u00f6s eksoottisempien kasvien ja kukkien viljelyyn.<\/p>\n\n\n\n<p class=\"wp-el\">Jos haluat, ett\u00e4 kasvihuoneeseen mahtuu mahdollisimman paljon, on valittava suuren mittakaavan malli.<\/p>\n\n\n\n<p class=\"wp-el\"><strong>Karl Auntockin sanojen mukaan sopii <\/strong><a href=\"https:\/\/abpolar.ee\/fi\/kasvihuone-balance-148m2-8x20ft-harmaa\/\"><strong>14.8-neli\u00f6inen Balance<\/strong><\/a><strong> kasvihuone juuri niille asiakkaille, jotka haluavat k\u00e4ytt\u00e4\u00e4 koko kasvihuoneen pinta-alaa maksimaalisesti. <br><\/strong><\/p>\n\n\n\n<p class=\"wp-el\">\u201dSe on todella iso kasvihuone, jota omistaja varmaan k\u00e4ytt\u00e4\u00e4 paljon. Maksimikapasiteetin lis\u00e4ksi se on suunniteltu my\u00f6s k\u00e4ytt\u00f6mukavuutta ajatellen&#8221;, h\u00e4n korostaa kasvihuoneen plussia. Auntockin mukaan suuret ovet, runsaat kattoikkunat, ikkunoiden liukuj\u00e4rjestelm\u00e4 ja vastaavat ovat ison kasvihuoneen perusasia.<\/p>\n\n\n\n<p class=\"wp-el\"><\/p>\n\n\n\n<figure class=\"wp-block-image aligncenter size-full is-resized\"><img decoding=\"async\" width=\"800\" height=\"640\" src=\"https:\/\/abpolar.ee\/wp-content\/uploads\/2023\/06\/2-kasvuhoone-balance.jpg\" alt=\"\" class=\"wp-image-8715\" style=\"width:1000px\" srcset=\"https:\/\/abpolar.ee\/wp-content\/uploads\/2023\/06\/2-kasvuhoone-balance.jpg 800w, https:\/\/abpolar.ee\/wp-content\/uploads\/2023\/06\/2-kasvuhoone-balance-290x232.jpg 290w, https:\/\/abpolar.ee\/wp-content\/uploads\/2023\/06\/2-kasvuhoone-balance-580x464.jpg 580w, https:\/\/abpolar.ee\/wp-content\/uploads\/2023\/06\/2-kasvuhoone-balance-130x104.jpg 130w, https:\/\/abpolar.ee\/wp-content\/uploads\/2023\/06\/2-kasvuhoone-balance-64x51.jpg 64w\" sizes=\"(max-width: 800px) 100vw, 800px\" \/><\/figure>\n\n\n\n<p class=\"wp-el\"><\/p>\n\n\n\n<h2 class=\"wp-block-heading wp-el\">K\u00e4yt\u00e4nn\u00f6llisyyden lis\u00e4ksi on ulkon\u00e4k\u00f6kin t\u00e4rke\u00e4<\/h2>\n\n\n\n<p class=\"wp-el\">Nyky\u00e4\u00e4n kasvihuoneen ulkon\u00e4k\u00f6 on yh\u00e4 t\u00e4rke\u00e4mpi sit\u00e4 valittaessa.<\/p>\n\n\n\n<p class=\"wp-el\">Esteettinen ja silm\u00e4\u00e4 miellytt\u00e4v\u00e4 muotoilu on l\u00e4hes yht\u00e4 v\u00e4ltt\u00e4m\u00e4t\u00f6nt\u00e4 kuin kasvihuoneen toimivuus ja k\u00e4yt\u00e4nn\u00f6llisyys.<\/p>\n\n\n\n<p class=\"wp-el\">&#8221;Kasvihuoneen tulee sopia puutarhan ilmeeseen, sen vuoksi kasvihuoneen ulkon\u00e4k\u00f6\u00f6n kiinnitet\u00e4\u00e4n paljon huomiota&#8221;, Auntock kertoo ja lis\u00e4\u00e4, ett\u00e4 trendej\u00e4 on seurattava my\u00f6s kasvihuonemarkkinoilla.<\/p>\n\n\n\n<p class=\"wp-el\"><strong>&#8221;Jos kaunis puutarha on ihmiselle t\u00e4rke\u00e4 harrastus ja ilon aihe, ei kasvihuoneen ulkon\u00e4k\u00f6\u00e4 voi j\u00e4tt\u00e4\u00e4 kokonaisuudesta pois.&#8221;<\/strong><br><a href=\"https:\/\/abpolar.ee\/fi\/kasvihuone-balance-hybrid-89m2-hopea\/\">Balance Hybrid kasvihuone<\/a> on juuri sellainen, sen kest\u00e4v\u00e4 hopeinen alumiinirakenne tarjoaa toimivuuden lis\u00e4ksi runsaasti silm\u00e4niloa.<\/p>\n\n\n\n<p class=\"wp-el\"><\/p>\n\n\n\n<figure class=\"wp-block-image aligncenter size-full is-resized\"><img decoding=\"async\" width=\"720\" height=\"576\" src=\"https:\/\/abpolar.ee\/wp-content\/uploads\/2023\/06\/3-hybrid.jpg\" alt=\"\" class=\"wp-image-8718\" style=\"width:1000px\" srcset=\"https:\/\/abpolar.ee\/wp-content\/uploads\/2023\/06\/3-hybrid.jpg 720w, https:\/\/abpolar.ee\/wp-content\/uploads\/2023\/06\/3-hybrid-290x232.jpg 290w, https:\/\/abpolar.ee\/wp-content\/uploads\/2023\/06\/3-hybrid-580x464.jpg 580w, https:\/\/abpolar.ee\/wp-content\/uploads\/2023\/06\/3-hybrid-130x104.jpg 130w, https:\/\/abpolar.ee\/wp-content\/uploads\/2023\/06\/3-hybrid-64x51.jpg 64w\" sizes=\"(max-width: 720px) 100vw, 720px\" \/><\/figure>\n\n\n\n<p class=\"wp-el\"><\/p>\n\n\n\n<h2 class=\"wp-block-heading wp-el\">Kuusikulmainen kasvihuone \u2013 erilainen l\u00e4hestymistapa<\/h2>\n\n\n\n<p class=\"wp-el\">Visuaalisten arvojen linjalla jatkettaessa on mahdollista l\u00f6yt\u00e4\u00e4 my\u00f6s varsin ainutlaatuisia malleja.<\/p>\n\n\n\n<p class=\"wp-el\"><a href=\"https:\/\/abpolar.ee\/fi\/kuusikulmainen-kasvihuone\/\">Kuusikulmainen kasvihuone <\/a>erottuu perinteisist\u00e4 harjakatto- ja kaarikasvihuoneista ja sen pit\u00e4isi ilahduttaa kaikkia, jotka etsiv\u00e4t puutarhaan jotain erilaista ja silmiinpist\u00e4v\u00e4\u00e4.<\/p>\n\n\n\n<p class=\"wp-el\">Mitoiltaan se on pienempi, mutta kattaa silti t\u00e4ydellisesti pienen viljelymaan tarpeet.<\/p>\n\n\n\n<p class=\"wp-el\">Materiaaliltaan se on kuitenkin samanlainen kuin monet muutkin kasvihuoneet \u2013 kest\u00e4v\u00e4 alumiinirunko ja p\u00e4\u00e4llysteen\u00e4 polykarbonaattilevy.<\/p>\n\n\n\n<p class=\"wp-el\"><strong>Siksi, jos puutarhaan halutaan sijoittaa jotain erilaista, katseen vangitsijaa ja mielenkiintoista, kuusikulmainen kasvihuone voi olla hyv\u00e4 ratkaisu.<\/strong><\/p>\n\n\n\n<p class=\"wp-el\"><\/p>\n\n\n\n<figure class=\"wp-block-image aligncenter size-full is-resized\"><img decoding=\"async\" width=\"750\" height=\"750\" src=\"https:\/\/abpolar.ee\/wp-content\/uploads\/2023\/06\/4-kuusnurkne-kasvuhoone.jpg\" alt=\"\" class=\"wp-image-8721\" style=\"width:1000px\" srcset=\"https:\/\/abpolar.ee\/wp-content\/uploads\/2023\/06\/4-kuusnurkne-kasvuhoone.jpg 750w, https:\/\/abpolar.ee\/wp-content\/uploads\/2023\/06\/4-kuusnurkne-kasvuhoone-290x290.jpg 290w, https:\/\/abpolar.ee\/wp-content\/uploads\/2023\/06\/4-kuusnurkne-kasvuhoone-580x580.jpg 580w, https:\/\/abpolar.ee\/wp-content\/uploads\/2023\/06\/4-kuusnurkne-kasvuhoone-130x130.jpg 130w, https:\/\/abpolar.ee\/wp-content\/uploads\/2023\/06\/4-kuusnurkne-kasvuhoone-64x64.jpg 64w\" sizes=\"(max-width: 750px) 100vw, 750px\" \/><\/figure>\n\n\n\n<p class=\"wp-el\"><\/p>\n\n\n\n<h2 class=\"wp-block-heading wp-el\">Nostalginen lasikasvihuone on yh\u00e4 muodissa<\/h2>\n\n\n\n<p class=\"wp-el\">Suurin osa nyky\u00e4\u00e4n myyt\u00e4vist\u00e4 kasvihuoneista k\u00e4ytt\u00e4\u00e4 p\u00e4\u00e4llystemateriaalina polykarbonaattia. Se on UV-suojattu kest\u00e4v\u00e4 materiaali, joka on nyky\u00e4\u00e4n suurelta osin korvannut lasip\u00e4\u00e4llysteet. Polykarbonaatin puolesta puhuvat ensisijaisesti iskunkest\u00e4vyys, pitk\u00e4ik\u00e4isyys ja helpompi asennus.<\/p>\n\n\n\n<p class=\"wp-el\"><strong>Karl Auntockin mukaan ei ole perinteinen <\/strong><a href=\"https:\/\/abpolar.ee\/fi\/kasvihuone-57m2-turvalasit-vihrea\/\"><strong>lasikasvihuone<\/strong><\/a><strong> kuitenkaan kadonnut, ja n\u00e4m\u00e4 mallit ovat saatavilla AB Polarin verkkokaupassa. Ostajat n\u00e4kev\u00e4t t\u00e4rkeimp\u00e4n\u00e4 etuna perinteet, klassisen muotoilun ja lasip\u00e4\u00e4llysteen vieh\u00e4tyksen.<\/strong><\/p>\n\n\n\n<p class=\"wp-el\">&#8221;Perinteisill\u00e4 lasikasvihuoneilla on oma ostajakunta, ja lasip\u00e4\u00e4llyste on t\u00e4ss\u00e4 t\u00e4rke\u00e4 argumentti. L\u00e4pin\u00e4kyv\u00e4t ikkunalasit luovat luonnonl\u00e4heisen tunnelman, ja nostalginen muotoilu on juuri oikea valinta monien mielest\u00e4&#8221;, vakuuttaa Auntock.<\/p>\n\n\n\n<p class=\"wp-el\"><\/p>\n\n\n\n<figure class=\"wp-block-image aligncenter size-full is-resized\"><img decoding=\"async\" width=\"800\" height=\"800\" src=\"https:\/\/abpolar.ee\/wp-content\/uploads\/2023\/06\/5-klaaskasvuhoone.jpg\" alt=\"\" class=\"wp-image-8724\" style=\"width:1000px\" srcset=\"https:\/\/abpolar.ee\/wp-content\/uploads\/2023\/06\/5-klaaskasvuhoone.jpg 800w, https:\/\/abpolar.ee\/wp-content\/uploads\/2023\/06\/5-klaaskasvuhoone-290x290.jpg 290w, https:\/\/abpolar.ee\/wp-content\/uploads\/2023\/06\/5-klaaskasvuhoone-580x580.jpg 580w, https:\/\/abpolar.ee\/wp-content\/uploads\/2023\/06\/5-klaaskasvuhoone-130x130.jpg 130w, https:\/\/abpolar.ee\/wp-content\/uploads\/2023\/06\/5-klaaskasvuhoone-64x64.jpg 64w\" sizes=\"(max-width: 800px) 100vw, 800px\" \/><\/figure>\n\n\n\n<p class=\"wp-el\"><\/p>\n\n\n\n<h2 class=\"wp-block-heading wp-el\">Kompakti sein\u00e4kasvihuone on k\u00e4yt\u00e4nn\u00f6llinen ratkaisu<\/h2>\n\n\n\n<p class=\"wp-el\">Kasvihuoneen hankinta ei aina tarkoita, ett\u00e4 puutarhaan pit\u00e4isi pystytt\u00e4\u00e4 erillinen rakennus.<\/p>\n\n\n\n<p class=\"wp-el\">Usein puutarhassa ei olekaan tilaa t\u00e4ysikokoiselle kasvihuoneelle tai jokin muu&nbsp;<\/p>\n\n\n\n<p class=\"wp-el\">seikka voi est\u00e4\u00e4 suuremman mallin ostamista.<\/p>\n\n\n\n<p class=\"wp-el\">Mutta jos kuitenkin sormien multaan ty\u00f6nt\u00e4misen halu on vastustamaton, voi harkita pienen <a href=\"https:\/\/abpolar.ee\/fi\/seina-kasvihuone-hybrid-3-m2\/\">sein\u00e4kasvihuoneen<\/a> ostamista.&nbsp;<\/p>\n\n\n\n<p class=\"wp-el\"><strong>Se on kelpo vaihtoehto suurille kasvihuoneille, koska pienest\u00e4 koosta huolimatta on siin\u00e4 kaikki mahdollisuudet puutarhakasvien viljelyyn.&nbsp;<\/strong><\/p>\n\n\n\n<p class=\"wp-el\">Pienikokoinen, mutta toimiva kasvihuone asennetaan talon tai vajan sein\u00e4n viereen, jossa se vie tilaa vain muutaman neli\u00f6metrin.<\/p>\n\n\n\n<p class=\"wp-el\">K\u00e4yt\u00e4nn\u00f6llinen ja kompakti malli sopii my\u00f6s lis\u00e4varusteeksi, jos puutarhassa olevassa kasvihuoneessa on tilanpuutetta.<\/p>\n\n\n\n<p class=\"wp-el\"><\/p>\n\n\n\n<figure class=\"wp-block-image aligncenter size-full is-resized\"><img decoding=\"async\" width=\"800\" height=\"640\" src=\"https:\/\/abpolar.ee\/wp-content\/uploads\/2023\/06\/6-seinakasvuhoone.jpg\" alt=\"\" class=\"wp-image-8727\" style=\"width:1000px\" srcset=\"https:\/\/abpolar.ee\/wp-content\/uploads\/2023\/06\/6-seinakasvuhoone.jpg 800w, https:\/\/abpolar.ee\/wp-content\/uploads\/2023\/06\/6-seinakasvuhoone-290x232.jpg 290w, https:\/\/abpolar.ee\/wp-content\/uploads\/2023\/06\/6-seinakasvuhoone-580x464.jpg 580w, https:\/\/abpolar.ee\/wp-content\/uploads\/2023\/06\/6-seinakasvuhoone-130x104.jpg 130w, https:\/\/abpolar.ee\/wp-content\/uploads\/2023\/06\/6-seinakasvuhoone-64x51.jpg 64w\" sizes=\"(max-width: 800px) 100vw, 800px\" \/><\/figure>\n\n\n\n<h2 class=\"wp-block-heading wp-el\">Muovikasvihuone pystyyn tunnissa tai kahdessa!<\/h2>\n\n\n\n<p class=\"wp-el\">Jos kasvihuonetta pystytt\u00e4ess\u00e4 t\u00e4ytyy tavallisesti ottaa huomioon, ett\u00e4 kyseess\u00e4 on vakituinen paikka, johon rakennus j\u00e4\u00e4 jatkossakin, niin muovikasvihuone tarjoaa paljon enemm\u00e4n siirt\u00e4misen mahdollisuuksia.<\/p>\n\n\n\n<p class=\"wp-el\">Vahvalla muovikatteella varustetun kasvihuoneen asennus kest\u00e4\u00e4 vain muutaman tunnin ja se on yht\u00e4 helppo purkaa.<\/p>\n\n\n\n<p class=\"wp-el\"><strong>&#8221;T\u00e4llaisen kasvihuoneen hyv\u00e4 puoli on mahdollisuus pystytt\u00e4\u00e4 se nopeasti ja helposti. Esimerkiksi kasvihuone pystytet\u00e4\u00e4n v\u00e4liaikaisesti tai katsotaan paremmaksi poistaa se talveksi&#8221;, Karl Auntock selitt\u00e4\u00e4 t\u00e4m\u00e4n mallin etuja.&nbsp;<\/strong><\/p>\n\n\n\n<p class=\"wp-el\">&#8221;Kest\u00e4vyyden kannalta sen tyyppisest\u00e4 mallista ei my\u00f6sk\u00e4\u00e4n voi moittia. Tukeva ter\u00e4srunko kest\u00e4\u00e4 suurempiakin tuulenpuuskia, kate on vahva ja s\u00e4\u00e4nkest\u00e4v\u00e4.\u201d&nbsp;<br>Tietenkin on edullinen hinta t\u00e4rke\u00e4 argumentti. Usein <a href=\"https:\/\/abpolar.ee\/fi\/muovikasvihuoneet\/\">muovikasvihuone<\/a> t\u00e4ytt\u00e4\u00e4 tilap\u00e4isen rakennuksen roolia, kunnes aika on kyps\u00e4 hankkia suurempi.<\/p>\n\n\n\n<p class=\"wp-el\"><\/p>\n\n\n\n<figure class=\"wp-block-image aligncenter size-full is-resized\"><img decoding=\"async\" width=\"800\" height=\"800\" src=\"https:\/\/abpolar.ee\/wp-content\/uploads\/2023\/06\/7-kilekasvumaja.jpg\" alt=\"\" class=\"wp-image-8730\" style=\"width:1000px\" srcset=\"https:\/\/abpolar.ee\/wp-content\/uploads\/2023\/06\/7-kilekasvumaja.jpg 800w, https:\/\/abpolar.ee\/wp-content\/uploads\/2023\/06\/7-kilekasvumaja-290x290.jpg 290w, https:\/\/abpolar.ee\/wp-content\/uploads\/2023\/06\/7-kilekasvumaja-580x580.jpg 580w, https:\/\/abpolar.ee\/wp-content\/uploads\/2023\/06\/7-kilekasvumaja-130x130.jpg 130w, https:\/\/abpolar.ee\/wp-content\/uploads\/2023\/06\/7-kilekasvumaja-64x64.jpg 64w\" sizes=\"(max-width: 800px) 100vw, 800px\" \/><\/figure>\n\n\n\n<h2 class=\"wp-block-heading wp-el\">Pieni kasvilava sopii parvekkeelle ja terassille<\/h2>\n\n\n\n<p class=\"wp-el\">Mahdollisuus kasvattaa hyv\u00e4\u00e4 ja parempaa ruokaa omaan k\u00e4ytt\u00f6\u00f6n ei ole vain oman tontin omistajien etuoikeus.<\/p>\n\n\n\n<p class=\"wp-el\"><strong>Puutarhurin hengell\u00e4, mutta kerrostalossa asuvalle henkil\u00f6lle sopii mainiosti <\/strong><a href=\"https:\/\/abpolar.ee\/fi\/minikasvihuone-100x60x40-30cm-kennolevy\/\"><strong>minikasvihuone.<\/strong><\/a><\/p>\n\n\n\n<p class=\"wp-el\">Kevytrunkoinen polykarbonaattinen kasvilaatikko on kompakti eik\u00e4 vie paljoa tilaa, mutta se voi tarjota hyv\u00e4t kasvuolosuhteet kasveille samalla tavalla kuin sen isommat &#8221;sukulaiset&#8221;.<br><a href=\"https:\/\/abpolar.ee\/fi\/minikasvihuoneet\/\">Minikasvihuone<\/a> sopii parvekkeelle ja terassille ja my\u00f6s isomman kasvihuoneen lis\u00e4ksi, jos halutaan kasvattaa joitakin kasveja erill\u00e4\u00e4n muista.<\/p>\n\n\n\n<p class=\"wp-el\"><\/p>\n\n\n\n<figure class=\"wp-block-image aligncenter size-full is-resized\"><img decoding=\"async\" width=\"600\" height=\"396\" src=\"https:\/\/abpolar.ee\/wp-content\/uploads\/2023\/06\/8-vaike-kasvulava.jpg\" alt=\"\" class=\"wp-image-8733\" style=\"width:1000px\" srcset=\"https:\/\/abpolar.ee\/wp-content\/uploads\/2023\/06\/8-vaike-kasvulava.jpg 600w, https:\/\/abpolar.ee\/wp-content\/uploads\/2023\/06\/8-vaike-kasvulava-290x191.jpg 290w, https:\/\/abpolar.ee\/wp-content\/uploads\/2023\/06\/8-vaike-kasvulava-580x383.jpg 580w, https:\/\/abpolar.ee\/wp-content\/uploads\/2023\/06\/8-vaike-kasvulava-130x86.jpg 130w, https:\/\/abpolar.ee\/wp-content\/uploads\/2023\/06\/8-vaike-kasvulava-64x42.jpg 64w\" sizes=\"(max-width: 600px) 100vw, 600px\" \/><\/figure>\n\n\n\n<p class=\"wp-el\"><\/p>\n\n\n\n<h2 class=\"wp-block-heading wp-el\">Miniatyyri muovikasvihuone taimien kasvattamiseen<\/h2>\n\n\n\n<p class=\"wp-el\">Pienien kasvihuoneiden valikoimassa on my\u00f6s <a href=\"https:\/\/abpolar.ee\/fi\/minikasvihuone-nelja-hyllya\/\">mini muovikasvihuone<\/a>, joka ensi silm\u00e4yksell\u00e4 n\u00e4ytt\u00e4\u00e4 tavalliselta hyllylt\u00e4.<br><\/p>\n\n\n\n<p class=\"wp-el\">Pieni ja kevyt kasvihuone on helppok\u00e4ytt\u00f6inen ja luo juuri oikeat olosuhteet taimien ja kukkien kasvulle, vain pienemm\u00e4ss\u00e4 muodossa.&nbsp;<\/p>\n\n\n\n<p class=\"wp-el\"><strong>Sellainen kevyt kasvihuone sopii my\u00f6s terassille ja parvekkeelle. Hyllyille voi laittaa ruukkukasveja ja kasvihuonetta on helppo siirt\u00e4\u00e4 tarpeen mukaan paikasta toiseen.<\/strong><\/p>\n\n\n\n<p class=\"wp-el\"><br>Se voidaan helposti pakata kokoon, jos ei ole tarvetta k\u00e4ytt\u00e4\u00e4, ja laittaa kellariin tai aidan nurkkaan odottamaan parempia aikoja.<\/p>\n\n\n\n<p class=\"wp-el\">Karl Auntockin mukaan t\u00e4llaisia \u200b\u200bpieni\u00e4 hyllykasvihuoneita k\u00e4ytet\u00e4\u00e4n my\u00f6s esikasvatukseen ennen kuin kasvit istutetaan isompaan kasvihuoneeseen tai pellolle.<\/p>\n\n\n\n<p class=\"wp-el\"><\/p>\n\n\n\n<figure class=\"wp-block-image size-full is-resized\"><img decoding=\"async\" width=\"584\" height=\"800\" src=\"https:\/\/abpolar.ee\/wp-content\/uploads\/2023\/06\/9-minikasvuhoone.jpg\" alt=\"\" class=\"wp-image-8736\" style=\"width:1000px\" srcset=\"https:\/\/abpolar.ee\/wp-content\/uploads\/2023\/06\/9-minikasvuhoone.jpg 584w, https:\/\/abpolar.ee\/wp-content\/uploads\/2023\/06\/9-minikasvuhoone-212x290.jpg 212w, https:\/\/abpolar.ee\/wp-content\/uploads\/2023\/06\/9-minikasvuhoone-423x580.jpg 423w, https:\/\/abpolar.ee\/wp-content\/uploads\/2023\/06\/9-minikasvuhoone-95x130.jpg 95w, https:\/\/abpolar.ee\/wp-content\/uploads\/2023\/06\/9-minikasvuhoone-64x88.jpg 64w\" sizes=\"(max-width: 584px) 100vw, 584px\" \/><\/figure>\n\n\n\n<p class=\"wp-el\"><\/p>\n\n\n\n<h2 class=\"wp-block-heading wp-el\">Lopullinen valinta riippuu puutarhurin suunnitelmista<\/h2>\n\n\n\n<p class=\"wp-el\">Jokaisella kasvihuoneella, niin suurella kuin pienell\u00e4kin, on hyv\u00e4t ja huonot puolensa. Kuten kaikessa muussa, tuo hyv\u00e4 esity\u00f6 my\u00f6s kasvihuoneen valinnassa varmasti hyv\u00e4n tuloksen.&nbsp;<\/p>\n\n\n\n<p class=\"wp-el\"><strong>Jos <a href=\"https:\/\/abpolar.ee\/fi\/uutiset\/paras-kasvihuone-viela-loytamatta-ostajan-opas\/\">kasvihuonetta<\/a> k\u00e4ytet\u00e4\u00e4n paljon ja k\u00e4yt\u00e4nn\u00f6llisyyden lis\u00e4ksi my\u00f6s esteettinen ulkon\u00e4k\u00f6 on t\u00e4rke\u00e4\u00e4, kannattaa valita <\/strong><a href=\"https:\/\/abpolar.ee\/fi\/kasvihuone-hybrid-78m2-hopea\/\"><strong>eleganttityylinen Hybrid malli. <\/strong><\/a>&nbsp;Se on tilava ja sopii kauniin ulkon\u00e4\u00f6n ansiosta hyvin hoidettuun puutarhaan.<\/p>\n\n\n\n<p class=\"wp-el\"><strong>Klassinen <\/strong><a href=\"https:\/\/abpolar.ee\/fi\/kasvihuone-43m2-turvalasit\/\"><strong>lasikasvihuone<\/strong><\/a><strong> sopii mainiosti niille, joille on t\u00e4rke\u00e4\u00e4 l\u00e4pin\u00e4kyvyys ja selke\u00e4 n\u00e4kyvyys. <\/strong>Sellainen malli ei ota liikaa tilaa sek\u00e4 sopii my\u00f6s pienemp\u00e4\u00e4n puutarhaan, jossa penkit ovat kapeampia.<\/p>\n\n\n\n<p class=\"wp-el\">Minikasvihuonetta etsiv\u00e4lle l\u00f6ytyy AB Polarista vaihtoehtoja sek\u00e4 parvekkeelle ett\u00e4 terassille.<\/p>\n\n\n\n<p class=\"wp-el\"><strong><a href=\"https:\/\/abpolar.ee\/fi\/uutiset\/hyva-kasvihuone-joka-kotiin-7-eri-vaihtoehtoa\/\">Hyv\u00e4 kasvihuone<\/a> parvekkeelle on sellainen <\/strong><a href=\"https:\/\/abpolar.ee\/fi\/seina-kasvihuone-hybrid-3-m2\/\"><strong>sein\u00e4kasvihuone<\/strong><\/a><strong>, joka tarjoaa pienist\u00e4 mitoistaan \u200b\u200bhuolimatta monipuolisuutta ja runsaasti mahdollisuuksia kasvinviljelyyn.<\/strong><\/p>\n\n\n\n<h2 class=\"wp-block-heading wp-el\">Muistathan kasvihuonetta valittaessa kysy\u00e4 neuvoa AB Polarin asiatuntijoilta<\/h2>\n\n\n\n<p class=\"wp-el\">AB Polarin verkkokaupasta jokainen puutarhuri saa tarvittavat tiedot tuotteista, malleista ja my\u00f6s asennuksesta.<\/p>\n\n\n\n<p class=\"wp-el\">Lis\u00e4ksi Auntock suosittelee ottamaan yhteytt\u00e4 my\u00f6s AB Polarin myyntitiimiin. &#8221;Ennen ostamista kannattaa ehdottomasti kysy\u00e4 tietoa puutarha-asiantuntijoiltamme. Hyv\u00e4\u00e4 neuvoa ei koskaan ole liikaa!&#8221;<\/p>\n\n\n\n<p class=\"wp-el\"><\/p>\n\n\n\n<figure class=\"wp-block-image aligncenter size-full is-resized\"><img decoding=\"async\" width=\"900\" height=\"600\" src=\"https:\/\/abpolar.ee\/wp-content\/uploads\/2023\/06\/hyva-iso-kasvihuone-easyup-abpolar.jpg\" alt=\"\" class=\"wp-image-16678\" style=\"width:1000px\" srcset=\"https:\/\/abpolar.ee\/wp-content\/uploads\/2023\/06\/hyva-iso-kasvihuone-easyup-abpolar.jpg 900w, https:\/\/abpolar.ee\/wp-content\/uploads\/2023\/06\/hyva-iso-kasvihuone-easyup-abpolar-290x193.jpg 290w, https:\/\/abpolar.ee\/wp-content\/uploads\/2023\/06\/hyva-iso-kasvihuone-easyup-abpolar-580x387.jpg 580w, https:\/\/abpolar.ee\/wp-content\/uploads\/2023\/06\/hyva-iso-kasvihuone-easyup-abpolar-130x87.jpg 130w, https:\/\/abpolar.ee\/wp-content\/uploads\/2023\/06\/hyva-iso-kasvihuone-easyup-abpolar-64x43.jpg 64w\" sizes=\"(max-width: 900px) 100vw, 900px\" \/><\/figure>\n","protected":false},"excerpt":{"rendered":"<p>Kukaan puutarhanhoidon harrastaja ei luultavasti ep\u00e4ile siit\u00e4, ett\u00e4 h\u00e4nen omassa puutarhassaan kasvavat herkullisimmat tomaatit ja&#8230;<\/p>\n","protected":false},"author":1,"featured_media":0,"comment_status":"closed","ping_status":"closed","sticky":false,"template":"","format":"standard","meta":{"_acf_changed":false,"inline_featured_image":false,"footnotes":""},"categories":[136],"tags":[],"class_list":["post-8853","post","type-post","status-publish","format-standard","hentry","category-uutiset"],"acf":[],"_links":{"self":[{"href":"https:\/\/abpolar.ee\/fi\/wp-json\/wp\/v2\/posts\/8853","targetHints":{"allow":["GET"]}}],"collection":[{"href":"https:\/\/abpolar.ee\/fi\/wp-json\/wp\/v2\/posts"}],"about":[{"href":"https:\/\/abpolar.ee\/fi\/wp-json\/wp\/v2\/types\/post"}],"author":[{"embeddable":true,"href":"https:\/\/abpolar.ee\/fi\/wp-json\/wp\/v2\/users\/1"}],"replies":[{"embeddable":true,"href":"https:\/\/abpolar.ee\/fi\/wp-json\/wp\/v2\/comments?post=8853"}],"version-history":[{"count":7,"href":"https:\/\/abpolar.ee\/fi\/wp-json\/wp\/v2\/posts\/8853\/revisions"}],"predecessor-version":[{"id":19234,"href":"https:\/\/abpolar.ee\/fi\/wp-json\/wp\/v2\/posts\/8853\/revisions\/19234"}],"wp:attachment":[{"href":"https:\/\/abpolar.ee\/fi\/wp-json\/wp\/v2\/media?parent=8853"}],"wp:term":[{"taxonomy":"category","embeddable":true,"href":"https:\/\/abpolar.ee\/fi\/wp-json\/wp\/v2\/categories?post=8853"},{"taxonomy":"post_tag","embeddable":true,"href":"https:\/\/abpolar.ee\/fi\/wp-json\/wp\/v2\/tags?post=8853"}],"curies":[{"name":"wp","href":"https:\/\/api.w.org\/{rel}","templated":true}]}}